{"id":77777,"date":"2023-06-28T00:26:03","date_gmt":"2023-06-28T00:26:03","guid":{"rendered":"https:\/\/jorgezanoni.com.br\/2019\/?p=77777"},"modified":"2023-06-28T00:26:03","modified_gmt":"2023-06-28T00:26:03","slug":"recordacoes-ferroviarias-de-ourinhos-sp-por-sergio-barbosa","status":"publish","type":"post","link":"https:\/\/jorgezanoni.com.br\/2019\/recordacoes-ferroviarias-de-ourinhos-sp-por-sergio-barbosa\/","title":{"rendered":"Recorda\u00e7\u00f5es Ferrovi\u00e1rias de Ourinhos-SP&#8230; (por S\u00e9rgio Barbosa)"},"content":{"rendered":"<p style=\"text-align: justify;\"><strong>Recorda\u00e7\u00f5es Ferrovi\u00e1rias de Ourinhos-SP&#8230;<\/strong><\/p>\n<p style=\"text-align: justify;\"><em>&#8220;A juventude \u00e9 o tempo de alcan\u00e7ar a sabedoria, assim como a velhice \u00e9 o tempo de pratic\u00e1-la&#8221; (Rousseau)<\/em><\/p>\n<p style=\"text-align: justify;\"><strong><em>Aos Ferrovi\u00e1rios de Ourinhos, dedico!<\/em><\/strong><\/p>\n<p style=\"text-align: justify;\"><strong>S\u00e9rgio Barbosa (*)<\/strong><\/p>\n<p style=\"text-align: justify;\">De acordo com o Livro da Sabedoria, &#8220;tudo \u00e9 vaidade&#8221;, por\u00e9m, recordar o passado pode trazer muitos desencontros com o tempo deste mesmo tempo para um outro tempo do tempo neste tempo&#8230;<\/p>\n<p style=\"text-align: justify;\">Assim, quando era apenas um menino na minha cidade natal, Ourinhos, pode-se afirmar que &#8220;era feliz e n\u00e3o sabia&#8230;&#8221;, mesmo assim, as recorda\u00e7\u00f5es daquele tempo traz o passado para o presente, talvez, como disse o analista, &#8220;sintoma da idade&#8221;&#8230;<\/p>\n<p style=\"text-align: justify;\">Mas, o pensado do outro tempo afirmou: &#8220;penso, logo existo&#8221;, desta forma em meio a desinforma\u00e7\u00e3o quanto ao futuro pr\u00f3ximo, pode-se buscar no passado aquilo que se perdeu no presente sem futuro&#8230;<\/p>\n<p style=\"text-align: justify;\">Por exemplo, quando fico\u00a0 acompanhando na m\u00eddia em geral com ru\u00eddos espec\u00edficos deste e do outro lado sobre &#8220;a volta da ferrovia&#8221; nestes lados perdidos do interior do interior do interior paulista&#8230;<\/p>\n<p style=\"text-align: justify;\">Meu saudoso Pai, &#8220;Basti\u00e3o Barbosa&#8221;, era ferrovi\u00e1rio, se n\u00e3o me engano, foram quase 31 anos trabalhando, primeiro na RVPSC-Rede de Via\u00e7\u00e3o Paran\u00e1 &#8211; Santa Catarina, depois, RFFSA-Rede ferrovi\u00e1ria Federal S\/A em Ourinhos&#8230;<\/p>\n<p style=\"text-align: justify;\">Meu Av\u00f3, &#8220;Antonio Francisco Barbosa&#8221;, pai do meu pai, tamb\u00e9m, era ferrovi\u00e1rio desta mesma empresa, bem como, meus tios, &#8220;Antonio Francisco Barbosa Filho&#8221; e &#8220;Nelson Barbosa&#8221;, todos se aposentaram como ferrovi\u00e1rios, ainda, meu irm\u00e3o mais velho, Celso Francisco Barbosa&#8230;<\/p>\n<p style=\"text-align: justify;\">Desta fam\u00edlia de ferrovi\u00e1rios, lembro que foram muitas as conversas sobre fatos que ocorreram por causa disto ou daquilo nas idas e vindas para o \u201ctrabalho\u201d nas Linhas ferrovi\u00e1rias em Ourinhos e regi\u00e3o&#8230;<\/p>\n<p style=\"text-align: justify;\">Neste cen\u00e1rio &#8220;in memoriam&#8221;, tendo em vista que todos os nomes registrados neste texto j\u00e1 embarcaram para o outro lado do tempo sem o tempo, acredito que o debate sobre o retorno da ferrovia nestes lados de &#8220;bitola larga&#8221;, n\u00e3o passam de fantasias, ainda, que buscam trazer o fantasma deste patrim\u00f4nio que &#8220;quase n\u00e3o existe mais&#8221;, tendo em vista as decis\u00f5es pol\u00edticas que acabaram com a malha ferrovi\u00e1ria do &#8220;Pa\u00eds do faz de conta&#8230;&#8221; por meio da famosa \u201cPrivataria tucana\u201d&#8230;<\/p>\n<p style=\"text-align: justify;\">Que o esp\u00edrito desta irmandade dos ferrovi\u00e1rios ourinhenses, bem como, destes lados da regi\u00e3o denominada de \u201cAlta Paulista\u201d, possam aben\u00e7oar os novos desafios para a ferrovia deste novo tempo novo, todavia, o passado continua mais presente no que nunca, talvez, com a esperan\u00e7a de que no futuro, talvez, as pr\u00f3ximas gera\u00e7\u00f5es possam ouvir o &#8220;apito do trem&#8221;&#8230;<\/p>\n<p style=\"text-align: justify;\">Ave Antonio Francisco Barbosa, Sebasti\u00e3o Francisco Barbosa, Celso Francisco Barbosa, Ant\u00f4nio Francisco Barbosa Filho e Nelson Barbosa (in memoriam&#8221;)!<\/p>\n<p><strong><em>________________________________<\/em><\/strong><\/p>\n<p><strong><em>(*) jornalista diplomado.<\/em><\/strong><\/p>\n<p><strong><em>e-mail: <\/em><\/strong><a href=\"mailto:barbosa@gmail.com\"><strong><em>barbosa@gmail.com<\/em><\/strong><\/a><\/p>\n<p>&nbsp;<\/p>\n","protected":false},"excerpt":{"rendered":"<p>Recorda\u00e7\u00f5es Ferrovi\u00e1rias de Ourinhos-SP&#8230; &#8220;A juventude \u00e9 o tempo de alcan\u00e7ar a sabedoria, assim como a velhice \u00e9 o tempo de pratic\u00e1-la&#8221; (Rousseau) Aos Ferrovi\u00e1rios de Ourinhos, dedico! S\u00e9rgio Barbosa (*) De acordo com o Livro da Sabedoria, &#8220;tudo \u00e9 vaidade&#8221;, por\u00e9m, recordar o passado pode trazer muitos desencontros com o tempo deste mesmo tempo [&hellip;]<\/p>\n","protected":false},"author":1,"featured_media":77778,"comment_status":"closed","ping_status":"open","sticky":false,"template":"","format":"standard","meta":{"footnotes":""},"categories":[175],"tags":[],"class_list":["post-77777","post","type-post","status-publish","format-standard","has-post-thumbnail","hentry","category-artigos"],"_links":{"self":[{"href":"https:\/\/jorgezanoni.com.br\/2019\/wp-json\/wp\/v2\/posts\/77777","targetHints":{"allow":["GET"]}}],"collection":[{"href":"https:\/\/jorgezanoni.com.br\/2019\/wp-json\/wp\/v2\/posts"}],"about":[{"href":"https:\/\/jorgezanoni.com.br\/2019\/wp-json\/wp\/v2\/types\/post"}],"author":[{"embeddable":true,"href":"https:\/\/jorgezanoni.com.br\/2019\/wp-json\/wp\/v2\/users\/1"}],"replies":[{"embeddable":true,"href":"https:\/\/jorgezanoni.com.br\/2019\/wp-json\/wp\/v2\/comments?post=77777"}],"version-history":[{"count":1,"href":"https:\/\/jorgezanoni.com.br\/2019\/wp-json\/wp\/v2\/posts\/77777\/revisions"}],"predecessor-version":[{"id":77779,"href":"https:\/\/jorgezanoni.com.br\/2019\/wp-json\/wp\/v2\/posts\/77777\/revisions\/77779"}],"wp:featuredmedia":[{"embeddable":true,"href":"https:\/\/jorgezanoni.com.br\/2019\/wp-json\/wp\/v2\/media\/77778"}],"wp:attachment":[{"href":"https:\/\/jorgezanoni.com.br\/2019\/wp-json\/wp\/v2\/media?parent=77777"}],"wp:term":[{"taxonomy":"category","embeddable":true,"href":"https:\/\/jorgezanoni.com.br\/2019\/wp-json\/wp\/v2\/categories?post=77777"},{"taxonomy":"post_tag","embeddable":true,"href":"https:\/\/jorgezanoni.com.br\/2019\/wp-json\/wp\/v2\/tags?post=77777"}],"curies":[{"name":"wp","href":"https:\/\/api.w.org\/{rel}","templated":true}]}}