{"id":7775,"date":"2019-10-02T22:40:11","date_gmt":"2019-10-02T22:40:11","guid":{"rendered":"https:\/\/jorgezanoni.com.br\/2019\/?p=7775"},"modified":"2019-10-02T22:40:25","modified_gmt":"2019-10-02T22:40:25","slug":"programacao-do-mes-em-comemoracao-ao-dia-do-idoso-em-dracena","status":"publish","type":"post","link":"https:\/\/jorgezanoni.com.br\/2019\/programacao-do-mes-em-comemoracao-ao-dia-do-idoso-em-dracena\/","title":{"rendered":"Programa\u00e7\u00e3o do m\u00eas em comemora\u00e7\u00e3o ao Dia do Idoso em Dracena"},"content":{"rendered":"<p style=\"text-align: justify;\">CONVITE<\/p>\n<p style=\"text-align: justify;\">O CONSELHO MUNICIPAL DO IDOSO DE DRACENA (C.M.I.D.), PREFEITURA MUNICIPAL DE DRACENA E PARCEIROS TEM A HONRA<br \/>\nCONVIDAR A TODOS IDOSOS, FAMILIARES E INTERESSADOS PARA PARTICIPAREM DA AMPLA PROGRAMA\u00c7\u00c3O (GRATUITA), NO DECORRER DO M\u00caS<br \/>\nDE OUTUBRO, EM COMEMORA\u00c7\u00c3O AO DIA 1\u00ba. DE OUTUBRO &#8211; DIA INTERNACIONAL DO IDOSO:<\/p>\n<p><img loading=\"lazy\" decoding=\"async\" class=\"alignnone size-full wp-image-7776\" src=\"https:\/\/jorgezanoni.com.br\/2019\/wp-content\/uploads\/2019\/10\/idoso1.jpg\" alt=\"\" width=\"559\" height=\"393\" srcset=\"https:\/\/jorgezanoni.com.br\/2019\/wp-content\/uploads\/2019\/10\/idoso1.jpg 559w, https:\/\/jorgezanoni.com.br\/2019\/wp-content\/uploads\/2019\/10\/idoso1-300x211.jpg 300w, https:\/\/jorgezanoni.com.br\/2019\/wp-content\/uploads\/2019\/10\/idoso1-100x70.jpg 100w\" sizes=\"auto, (max-width: 559px) 100vw, 559px\" \/><\/p>\n<div class=\"text_exposed_show\">\n<p style=\"text-align: justify;\">UNATI DRACENA &#8211; 01\/10\/2019 DAS 15 \u00c0S 16H30 &#8211; PALESTRA: DIREITOS DO IDOSO E TIPOS DE VIOL\u00caNCIA; PROFERIDA POR PROFISSIONAIS<br \/>\nDO CREAS (CENTRO DE REFER\u00caNCIA ESPECIALIZADO DE ASSIST\u00caNCIA SOCIAL), VOLTADO A IDOSOS E INTERESSADOS, A SE REALIZAR NA<br \/>\nFUNDEC &#8211; RUA BAHIA, N. 332, BAIRRO METR\u00d3POLE, DRACENA\/SP, COM INICIATIVA DA UNATI\/FUNDEC\/UNESP E PREFEITURA DE DRACENA<\/p>\n<p style=\"text-align: justify;\">CRAS (CENTRO DE REFER\u00caNCIA DE ASSIST\u00caNCIA SOCIAL) \u2013 no dia 9\/10 \u00e0s 8h30 \u2013 PALESTRA SOBRE SA\u00daDE NA TERCEIRA IDADE ; 30\/10, \u00e0s<br \/>\n8h30 \u2013 PALESTRA SOBRE INCLUS\u00c3O DIGITAL, ambas acontecer\u00e3o no Centro Comunit\u00e1rio do Jardim Brasil\u00e2ndia, localizado na Rua \u00c9rico Ver\u00edssimo,<br \/>\nn. 424 \u2013 Jardim Brasil\u00e2ndia.<\/p>\n<p style=\"text-align: justify;\">CLINICA QUALITY LIFE &#8211; DRACENA (RUA MONTE CASTELO, N. 1901, TEL: (18)3822-2755), SER\u00c3O DESENVOLVIDAS AS SEGUINTES TEM\u00c1TICAS:<br \/>\n10\/10 \u00c0S 14H00 \u2013 RODA DE CONVERSA SOBRE VELHICE E ENVELHECIMENTO SAUD\u00c1VEL, NA CL\u00cdNICA QUALITY LIFE; 16\/10 \u00e1s 19H00 &#8211;<br \/>\nPALESTRA SOBRE SA\u00daDE DA MEM\u00d3RIA, NO ESPA\u00c7O SARAH DRACENA, LOCALIZADO AV. RUA BARBOSA, N. 2118, CENTRO, DRACENA\/SP; 25\/10<br \/>\n\u00e1s 9h00 &#8211; CAF\u00c9 GERONTOL\u00d3GICO ABG (ASSOCIA\u00c7\u00c3O BRASILEIRA DE GERONTOLOGIA) &#8211; APRESENTA\u00c7\u00c3O SOBRE A GERONTOLOGIA E SEUS<br \/>\nAVAN\u00c7OS, VOLTADO PARA PROFISSIONAIS DE SA\u00daDE E GERONT\u00d3LOGOS DA REGI\u00c3O DO OESTE DE S\u00c3O PAULO, A SE REALIZAR NA PR\u00d3PRIA<br \/>\nCLINICA.<\/p>\n<p style=\"text-align: justify;\">OAB DRACENA: 16\/10\/2019 \u00c0S 19H30 &#8211; PALESTRA: TRANSFORMANDO UM SONHO EM REALIDADE, COM A PALESTRANTE: IVONE<br \/>\nENGELMANN, P\u00d3S-GRADUADA EM PROGRAMA\u00c7\u00c3O NEUROLINGU\u00cdSTICA PELA UMC; PRACTITIONER E MASTER EM PROGRAMA\u00c7\u00c3O LINGU\u00cdSTICA<br \/>\nPELA HOLLON DO BRASIL &#8211; INVESTIMENTO: 1 L DE LEITE EM P\u00d3 &#8211; NA CASA DA ADVOCACIA DRACENA (OAB)<br \/>\nSECRETARIA MUNICIPAL DE EDUCA\u00c7\u00c3O &#8211; ALUNOS DA REDE MUNICIPAL DE EDUCA\u00c7\u00c3O COMPARECER\u00c3O \u00c0S INSTITUI\u00c7\u00d5ES LAR S\u00c3 DOUTRINA,<br \/>\nLAR S\u00c3O VICENTE DE PAULA (CASA DOS VELHOS) E PROJETO QUERO VIDA, ONDE APRESENTAR\u00c3O N\u00daMEROS MUSICAIS, DAN\u00c7AS, POESIAS,<br \/>\nPARODIAS, LEITURA OU CONTA\u00c7\u00c3O DE HIST\u00d3RIAS E BRINCADEIRAS. NAS ESCOLAS MUNICIPAIS SER\u00c3O PROMOVIDAS RODAS DE CONVERSA<br \/>\nINTERGERACIONAIS, CAF\u00c9 DA TARDE E DA MANH\u00c3 OFERTADA AOS AV\u00d4S E AV\u00d3S DOS ALUNOS.<\/p>\n<p style=\"text-align: justify;\">Cordialmente,<\/p>\n<p style=\"text-align: justify;\">ZENY DE ASSIS BENETI<br \/>\nPresidente do C.M.I.D<\/p>\n<\/div>\n","protected":false},"excerpt":{"rendered":"<p>CONVITE O CONSELHO MUNICIPAL DO IDOSO DE DRACENA (C.M.I.D.), PREFEITURA MUNICIPAL DE DRACENA E PARCEIROS TEM A HONRA CONVIDAR A TODOS IDOSOS, FAMILIARES E INTERESSADOS PARA PARTICIPAREM DA AMPLA PROGRAMA\u00c7\u00c3O (GRATUITA), NO DECORRER DO M\u00caS DE OUTUBRO, EM COMEMORA\u00c7\u00c3O AO DIA 1\u00ba. DE OUTUBRO &#8211; DIA INTERNACIONAL DO IDOSO: UNATI DRACENA &#8211; 01\/10\/2019 DAS 15 [&hellip;]<\/p>\n","protected":false},"author":1,"featured_media":7777,"comment_status":"closed","ping_status":"open","sticky":false,"template":"","format":"standard","meta":{"footnotes":""},"categories":[114],"tags":[],"class_list":["post-7775","post","type-post","status-publish","format-standard","has-post-thumbnail","hentry","category-geralecomercio"],"_links":{"self":[{"href":"https:\/\/jorgezanoni.com.br\/2019\/wp-json\/wp\/v2\/posts\/7775","targetHints":{"allow":["GET"]}}],"collection":[{"href":"https:\/\/jorgezanoni.com.br\/2019\/wp-json\/wp\/v2\/posts"}],"about":[{"href":"https:\/\/jorgezanoni.com.br\/2019\/wp-json\/wp\/v2\/types\/post"}],"author":[{"embeddable":true,"href":"https:\/\/jorgezanoni.com.br\/2019\/wp-json\/wp\/v2\/users\/1"}],"replies":[{"embeddable":true,"href":"https:\/\/jorgezanoni.com.br\/2019\/wp-json\/wp\/v2\/comments?post=7775"}],"version-history":[{"count":0,"href":"https:\/\/jorgezanoni.com.br\/2019\/wp-json\/wp\/v2\/posts\/7775\/revisions"}],"wp:featuredmedia":[{"embeddable":true,"href":"https:\/\/jorgezanoni.com.br\/2019\/wp-json\/wp\/v2\/media\/7777"}],"wp:attachment":[{"href":"https:\/\/jorgezanoni.com.br\/2019\/wp-json\/wp\/v2\/media?parent=7775"}],"wp:term":[{"taxonomy":"category","embeddable":true,"href":"https:\/\/jorgezanoni.com.br\/2019\/wp-json\/wp\/v2\/categories?post=7775"},{"taxonomy":"post_tag","embeddable":true,"href":"https:\/\/jorgezanoni.com.br\/2019\/wp-json\/wp\/v2\/tags?post=7775"}],"curies":[{"name":"wp","href":"https:\/\/api.w.org\/{rel}","templated":true}]}}