{"id":77742,"date":"2023-06-27T16:57:39","date_gmt":"2023-06-27T16:57:39","guid":{"rendered":"https:\/\/jorgezanoni.com.br\/2019\/?p=77742"},"modified":"2023-06-27T16:59:17","modified_gmt":"2023-06-27T16:59:17","slug":"jornalista-pede-direito-de-resposta-sobre-a-materia-discussao-sobre-subsidios-de-politicos-vai-parar-na-policia","status":"publish","type":"post","link":"https:\/\/jorgezanoni.com.br\/2019\/jornalista-pede-direito-de-resposta-sobre-a-materia-discussao-sobre-subsidios-de-politicos-vai-parar-na-policia\/","title":{"rendered":"Jornalista pede direito de resposta sobre a mat\u00e9ria: Discuss\u00e3o sobre subs\u00eddios de pol\u00edticos vai parar na Pol\u00edcia"},"content":{"rendered":"<p style=\"text-align: justify;\"><strong>Segue na \u00edntegra a materia noticiada pelo Site JZ, compartilhada do Blog Bastidores da Not\u00edcia, com Foto Ilustrativa, alem da resposta na \u00edntegra do solicitante.\u00a0<\/strong><\/p>\n<p>Ser\u00e3o postadas nos mesmos locais publicados.<\/p>\n<p style=\"text-align: justify;\">Jorge Zanoni<\/p>\n<p>&nbsp;<\/p>\n<blockquote class=\"wp-embedded-content\" data-secret=\"6VbmGRjMMQ\"><p><a href=\"https:\/\/jorgezanoni.com.br\/2019\/discussao-sobre-subsidios-de-polpiticos-vai-parar-na-policia\/\">Discuss\u00e3o sobre subs\u00eddios de pol\u00edticos vai parar na Pol\u00edcia<\/a><\/p><\/blockquote>\n<p><iframe loading=\"lazy\" class=\"wp-embedded-content\" sandbox=\"allow-scripts\" security=\"restricted\" style=\"position: absolute; clip: rect(1px, 1px, 1px, 1px);\" title=\"&#8220;Discuss\u00e3o sobre subs\u00eddios de pol\u00edticos vai parar na Pol\u00edcia&#8221; &#8212; Jorge Zanoni\" src=\"https:\/\/jorgezanoni.com.br\/2019\/discussao-sobre-subsidios-de-polpiticos-vai-parar-na-policia\/embed\/#?secret=zMRlVk7zNG#?secret=6VbmGRjMMQ\" data-secret=\"6VbmGRjMMQ\" width=\"600\" height=\"338\" frameborder=\"0\" marginwidth=\"0\" marginheight=\"0\" scrolling=\"no\"><\/iframe><\/p>\n<p style=\"text-align: justify;\"><strong>NOTA DO JORNALISTA CARLOS VOLPI.<\/strong><\/p>\n<div class=\"xdj266r x11i5rnm xat24cr x1mh8g0r x1vvkbs x126k92a\" style=\"text-align: justify;\">\n<div dir=\"auto\">O Portal Alta Paulista J\u00e1, por meio do seu jornalista respons\u00e1vel e propriet\u00e1rio, Carlos Volpi, com registro no MTB 83.043\/SP, com direito legal de exercer a profiss\u00e3o, vem a p\u00fablico atrav\u00e9s desta nota esclarecer sobre a divulga\u00e7\u00e3o da not\u00edcia veiculada no dia 23\/06\/2023, em suas redes sociais, instagram e facebook, dos projetos de leis de autorias do legislativo e executivo que disp\u00f5em sobre o subs\u00eddio do prefeito, vice-prefeito e dos secret\u00e1rios municipais, al\u00e9m dos vereadores.<\/div>\n<\/div>\n<div class=\"x11i5rnm xat24cr x1mh8g0r x1vvkbs xtlvy1s x126k92a\" style=\"text-align: justify;\">\n<div dir=\"auto\">Al\u00e9m disso, da acusa\u00e7\u00e3o de fake News publicada em v\u00eddeo nesta segunda-feira, (26), na p\u00e1gina da rede social Hora da Not\u00edcia, intitulada como empresa de m\u00eddia\/not\u00edcias e um boletim de ocorr\u00eancia lavrado na delegacia de pol\u00edcia sobre difama\u00e7\u00e3o.<\/div>\n<\/div>\n<div class=\"x11i5rnm xat24cr x1mh8g0r x1vvkbs xtlvy1s x126k92a\" style=\"text-align: justify;\">\n<div dir=\"auto\">O Portal Alta Paulista J\u00e1, n\u00e3o compactua com not\u00edcia falsa e sim, com o jornalismo de credibilidade e imparcialidade, princ\u00edpios b\u00e1sicos da democracia e sobretudo, levar a informa\u00e7\u00e3o de relev\u00e2ncia para o interesse da popula\u00e7\u00e3o.<\/div>\n<\/div>\n<div class=\"x11i5rnm xat24cr x1mh8g0r x1vvkbs xtlvy1s x126k92a\" style=\"text-align: justify;\">\n<div dir=\"auto\">Pois bem, em rela\u00e7\u00e3o a mat\u00e9ria publicada por este ve\u00edculo, como havia informado atrav\u00e9s de uma fonte confi\u00e1vel, em nenhum momento foi dito que os subs\u00eddios das autoridades municipais iriam ser votados na sess\u00e3o ordin\u00e1ria da C\u00e2mara de Dracena, na data do dia 26 deste m\u00eas, e que sim \u201cdeveriam\u201d. Al\u00e9m disso, na mat\u00e9ria ressalta que se os projetos se fossem discutidos e votados em regime de urg\u00eancia, valeriam os reajustes para 2025-2028.<\/div>\n<\/div>\n<div class=\"x11i5rnm xat24cr x1mh8g0r x1vvkbs xtlvy1s x126k92a\" style=\"text-align: justify;\">\n<div dir=\"auto\">Os projetos s\u00e3o protocolados e dependem de assinatura de nove vereadores (2\/3 da C\u00e2mara). Devem ser lidos na sess\u00e3o e podem ser colocados em regime de urg\u00eancia.<\/div>\n<\/div>\n<div class=\"x11i5rnm xat24cr x1mh8g0r x1vvkbs xtlvy1s x126k92a\" style=\"text-align: justify;\">\n<div dir=\"auto\">Para isso, \u00e9 necess\u00e1rio que um vereador submeta ao Plen\u00e1rio um requerimento nesse sentido. Sendo aprovado, o projeto dispensa a necessidade de parecer jur\u00eddico e das comiss\u00f5es.<\/div>\n<\/div>\n<div class=\"x11i5rnm xat24cr x1mh8g0r x1vvkbs xtlvy1s x126k92a\" style=\"text-align: justify;\">\n<div dir=\"auto\">Ao ser inclu\u00eddo na pauta, o Plen\u00e1rio \u00e9 soberano para aprovar ou rejeitar o projeto, conforme o disposto no regimento interno da C\u00e2mara Municipal, nos artigos 134 a 137.<\/div>\n<\/div>\n<div class=\"x11i5rnm xat24cr x1mh8g0r x1vvkbs xtlvy1s x126k92a\" style=\"text-align: justify;\">\n<div dir=\"auto\">Em nenhum momento, a mat\u00e9ria quis ofender ou degrenir a imagem das autoridades, e sim, tornar p\u00fablico os valores atualmente do prefeito, presidente da c\u00e2mara, vereadores e secret\u00e1rios municipais ganham e ganhariam se os projetos fossem aprovados para 2025-2028.<\/div>\n<\/div>\n<div class=\"x11i5rnm xat24cr x1mh8g0r x1vvkbs xtlvy1s x126k92a\" style=\"text-align: justify;\">\n<div dir=\"auto\">Devido ao interesse p\u00fablico, a mat\u00e9ria teve repercuss\u00e3o e outros ve\u00edculos de comunica\u00e7\u00e3o de Dracena noticiaram ap\u00f3s a publica\u00e7\u00e3o, sendo que, um deste ve\u00edculo, informou que alguns vereadores seriam a favor e outros contra tais projetos citados.<\/div>\n<\/div>\n<div class=\"x11i5rnm xat24cr x1mh8g0r x1vvkbs xtlvy1s x126k92a\" style=\"text-align: justify;\">\n<div dir=\"auto\">Sobretudo, ao saber da not\u00edcia, o Minist\u00e9rio P\u00fablico (MP-SP), atrav\u00e9s do promotor de justi\u00e7a, Antonio Simini Jr, solicitou informa\u00e7\u00f5es dos projetos com prazo de 24h, sendo respondido pelo legislativo, no prazo legal.<\/div>\n<\/div>\n<div class=\"x11i5rnm xat24cr x1mh8g0r x1vvkbs xtlvy1s x126k92a\" style=\"text-align: justify;\">\n<div dir=\"auto\">\u00c9 atrav\u00e9s do artigo 5\u00ba, em seu inciso XIV da Constitui\u00e7\u00e3o Federal, que \u00e9 assegurado a todos o acesso \u00e0 informa\u00e7\u00e3o resguardado o sigilo da fonte, quando necess\u00e1rio ao exerc\u00edcio profissional e al\u00e9m disso, do artigo 5\u00ba, inciso IX, da constitui\u00e7\u00e3o federal, do livre acesso \u00e0 informa\u00e7\u00e3o e liberdade de imprensa.<\/div>\n<\/div>\n<div class=\"x11i5rnm xat24cr x1mh8g0r x1vvkbs xtlvy1s x126k92a\">\n<div dir=\"auto\" style=\"text-align: justify;\">Mediante ao exposto e ocorrido, o Portal Alta Paulista J\u00e1 est\u00e1 tomando as medidas cab\u00edveis e legais.<\/div>\n<\/div>\n<div dir=\"auto\"><img loading=\"lazy\" decoding=\"async\" class=\"alignnone size-full wp-image-77744\" src=\"https:\/\/jorgezanoni.com.br\/2019\/wp-content\/uploads\/2023\/06\/z.jpg\" alt=\"\" width=\"828\" height=\"1126\" srcset=\"https:\/\/jorgezanoni.com.br\/2019\/wp-content\/uploads\/2023\/06\/z.jpg 828w, https:\/\/jorgezanoni.com.br\/2019\/wp-content\/uploads\/2023\/06\/z-221x300.jpg 221w, https:\/\/jorgezanoni.com.br\/2019\/wp-content\/uploads\/2023\/06\/z-753x1024.jpg 753w, https:\/\/jorgezanoni.com.br\/2019\/wp-content\/uploads\/2023\/06\/z-768x1044.jpg 768w, https:\/\/jorgezanoni.com.br\/2019\/wp-content\/uploads\/2023\/06\/z-696x946.jpg 696w, https:\/\/jorgezanoni.com.br\/2019\/wp-content\/uploads\/2023\/06\/z-309x420.jpg 309w\" sizes=\"auto, (max-width: 828px) 100vw, 828px\" \/> <img loading=\"lazy\" decoding=\"async\" class=\"alignnone size-full wp-image-77745\" src=\"https:\/\/jorgezanoni.com.br\/2019\/wp-content\/uploads\/2023\/06\/z1.jpg\" alt=\"\" width=\"828\" height=\"1124\" srcset=\"https:\/\/jorgezanoni.com.br\/2019\/wp-content\/uploads\/2023\/06\/z1.jpg 828w, https:\/\/jorgezanoni.com.br\/2019\/wp-content\/uploads\/2023\/06\/z1-221x300.jpg 221w, https:\/\/jorgezanoni.com.br\/2019\/wp-content\/uploads\/2023\/06\/z1-754x1024.jpg 754w, https:\/\/jorgezanoni.com.br\/2019\/wp-content\/uploads\/2023\/06\/z1-768x1043.jpg 768w, https:\/\/jorgezanoni.com.br\/2019\/wp-content\/uploads\/2023\/06\/z1-696x945.jpg 696w, https:\/\/jorgezanoni.com.br\/2019\/wp-content\/uploads\/2023\/06\/z1-309x420.jpg 309w\" sizes=\"auto, (max-width: 828px) 100vw, 828px\" \/> <img loading=\"lazy\" decoding=\"async\" class=\"alignnone size-full wp-image-77746\" src=\"https:\/\/jorgezanoni.com.br\/2019\/wp-content\/uploads\/2023\/06\/z2.jpg\" alt=\"\" width=\"828\" height=\"1147\" srcset=\"https:\/\/jorgezanoni.com.br\/2019\/wp-content\/uploads\/2023\/06\/z2.jpg 828w, https:\/\/jorgezanoni.com.br\/2019\/wp-content\/uploads\/2023\/06\/z2-217x300.jpg 217w, https:\/\/jorgezanoni.com.br\/2019\/wp-content\/uploads\/2023\/06\/z2-739x1024.jpg 739w, https:\/\/jorgezanoni.com.br\/2019\/wp-content\/uploads\/2023\/06\/z2-768x1064.jpg 768w, https:\/\/jorgezanoni.com.br\/2019\/wp-content\/uploads\/2023\/06\/z2-696x964.jpg 696w, https:\/\/jorgezanoni.com.br\/2019\/wp-content\/uploads\/2023\/06\/z2-303x420.jpg 303w\" sizes=\"auto, (max-width: 828px) 100vw, 828px\" \/> <img loading=\"lazy\" decoding=\"async\" class=\"alignnone size-full wp-image-77747\" src=\"https:\/\/jorgezanoni.com.br\/2019\/wp-content\/uploads\/2023\/06\/z3.jpg\" alt=\"\" width=\"828\" height=\"1144\" srcset=\"https:\/\/jorgezanoni.com.br\/2019\/wp-content\/uploads\/2023\/06\/z3.jpg 828w, https:\/\/jorgezanoni.com.br\/2019\/wp-content\/uploads\/2023\/06\/z3-217x300.jpg 217w, https:\/\/jorgezanoni.com.br\/2019\/wp-content\/uploads\/2023\/06\/z3-741x1024.jpg 741w, https:\/\/jorgezanoni.com.br\/2019\/wp-content\/uploads\/2023\/06\/z3-768x1061.jpg 768w, https:\/\/jorgezanoni.com.br\/2019\/wp-content\/uploads\/2023\/06\/z3-696x962.jpg 696w, https:\/\/jorgezanoni.com.br\/2019\/wp-content\/uploads\/2023\/06\/z3-304x420.jpg 304w\" sizes=\"auto, (max-width: 828px) 100vw, 828px\" \/> <img loading=\"lazy\" decoding=\"async\" class=\"alignnone size-full wp-image-77748\" src=\"https:\/\/jorgezanoni.com.br\/2019\/wp-content\/uploads\/2023\/06\/z4.jpg\" alt=\"\" width=\"828\" height=\"1792\" srcset=\"https:\/\/jorgezanoni.com.br\/2019\/wp-content\/uploads\/2023\/06\/z4.jpg 828w, https:\/\/jorgezanoni.com.br\/2019\/wp-content\/uploads\/2023\/06\/z4-139x300.jpg 139w, https:\/\/jorgezanoni.com.br\/2019\/wp-content\/uploads\/2023\/06\/z4-473x1024.jpg 473w, https:\/\/jorgezanoni.com.br\/2019\/wp-content\/uploads\/2023\/06\/z4-768x1662.jpg 768w, https:\/\/jorgezanoni.com.br\/2019\/wp-content\/uploads\/2023\/06\/z4-710x1536.jpg 710w, https:\/\/jorgezanoni.com.br\/2019\/wp-content\/uploads\/2023\/06\/z4-696x1506.jpg 696w, https:\/\/jorgezanoni.com.br\/2019\/wp-content\/uploads\/2023\/06\/z4-194x420.jpg 194w\" sizes=\"auto, (max-width: 828px) 100vw, 828px\" \/> <img loading=\"lazy\" decoding=\"async\" class=\"alignnone size-full wp-image-77749\" src=\"https:\/\/jorgezanoni.com.br\/2019\/wp-content\/uploads\/2023\/06\/z5.jpg\" alt=\"\" width=\"828\" height=\"1792\" srcset=\"https:\/\/jorgezanoni.com.br\/2019\/wp-content\/uploads\/2023\/06\/z5.jpg 828w, https:\/\/jorgezanoni.com.br\/2019\/wp-content\/uploads\/2023\/06\/z5-139x300.jpg 139w, https:\/\/jorgezanoni.com.br\/2019\/wp-content\/uploads\/2023\/06\/z5-473x1024.jpg 473w, https:\/\/jorgezanoni.com.br\/2019\/wp-content\/uploads\/2023\/06\/z5-768x1662.jpg 768w, https:\/\/jorgezanoni.com.br\/2019\/wp-content\/uploads\/2023\/06\/z5-710x1536.jpg 710w, https:\/\/jorgezanoni.com.br\/2019\/wp-content\/uploads\/2023\/06\/z5-696x1506.jpg 696w, https:\/\/jorgezanoni.com.br\/2019\/wp-content\/uploads\/2023\/06\/z5-194x420.jpg 194w\" sizes=\"auto, (max-width: 828px) 100vw, 828px\" \/> <img loading=\"lazy\" decoding=\"async\" class=\"alignnone size-full wp-image-77750\" src=\"https:\/\/jorgezanoni.com.br\/2019\/wp-content\/uploads\/2023\/06\/z6.jpg\" alt=\"\" width=\"828\" height=\"1792\" srcset=\"https:\/\/jorgezanoni.com.br\/2019\/wp-content\/uploads\/2023\/06\/z6.jpg 828w, https:\/\/jorgezanoni.com.br\/2019\/wp-content\/uploads\/2023\/06\/z6-139x300.jpg 139w, https:\/\/jorgezanoni.com.br\/2019\/wp-content\/uploads\/2023\/06\/z6-473x1024.jpg 473w, https:\/\/jorgezanoni.com.br\/2019\/wp-content\/uploads\/2023\/06\/z6-768x1662.jpg 768w, https:\/\/jorgezanoni.com.br\/2019\/wp-content\/uploads\/2023\/06\/z6-710x1536.jpg 710w, https:\/\/jorgezanoni.com.br\/2019\/wp-content\/uploads\/2023\/06\/z6-696x1506.jpg 696w, https:\/\/jorgezanoni.com.br\/2019\/wp-content\/uploads\/2023\/06\/z6-194x420.jpg 194w\" sizes=\"auto, (max-width: 828px) 100vw, 828px\" \/> <img loading=\"lazy\" decoding=\"async\" class=\"alignnone size-full wp-image-77751\" src=\"https:\/\/jorgezanoni.com.br\/2019\/wp-content\/uploads\/2023\/06\/z7.jpg\" alt=\"\" width=\"828\" height=\"1792\" srcset=\"https:\/\/jorgezanoni.com.br\/2019\/wp-content\/uploads\/2023\/06\/z7.jpg 828w, https:\/\/jorgezanoni.com.br\/2019\/wp-content\/uploads\/2023\/06\/z7-139x300.jpg 139w, https:\/\/jorgezanoni.com.br\/2019\/wp-content\/uploads\/2023\/06\/z7-473x1024.jpg 473w, https:\/\/jorgezanoni.com.br\/2019\/wp-content\/uploads\/2023\/06\/z7-768x1662.jpg 768w, https:\/\/jorgezanoni.com.br\/2019\/wp-content\/uploads\/2023\/06\/z7-710x1536.jpg 710w, https:\/\/jorgezanoni.com.br\/2019\/wp-content\/uploads\/2023\/06\/z7-696x1506.jpg 696w, https:\/\/jorgezanoni.com.br\/2019\/wp-content\/uploads\/2023\/06\/z7-194x420.jpg 194w\" sizes=\"auto, (max-width: 828px) 100vw, 828px\" \/> <img loading=\"lazy\" decoding=\"async\" class=\"alignnone size-full wp-image-77752\" src=\"https:\/\/jorgezanoni.com.br\/2019\/wp-content\/uploads\/2023\/06\/z8.jpg\" alt=\"\" width=\"828\" height=\"1792\" srcset=\"https:\/\/jorgezanoni.com.br\/2019\/wp-content\/uploads\/2023\/06\/z8.jpg 828w, https:\/\/jorgezanoni.com.br\/2019\/wp-content\/uploads\/2023\/06\/z8-139x300.jpg 139w, https:\/\/jorgezanoni.com.br\/2019\/wp-content\/uploads\/2023\/06\/z8-473x1024.jpg 473w, https:\/\/jorgezanoni.com.br\/2019\/wp-content\/uploads\/2023\/06\/z8-768x1662.jpg 768w, https:\/\/jorgezanoni.com.br\/2019\/wp-content\/uploads\/2023\/06\/z8-710x1536.jpg 710w, https:\/\/jorgezanoni.com.br\/2019\/wp-content\/uploads\/2023\/06\/z8-696x1506.jpg 696w, https:\/\/jorgezanoni.com.br\/2019\/wp-content\/uploads\/2023\/06\/z8-194x420.jpg 194w\" sizes=\"auto, (max-width: 828px) 100vw, 828px\" \/> <img loading=\"lazy\" decoding=\"async\" class=\"alignnone size-full wp-image-77753\" src=\"https:\/\/jorgezanoni.com.br\/2019\/wp-content\/uploads\/2023\/06\/z9.jpg\" alt=\"\" width=\"828\" height=\"1138\" srcset=\"https:\/\/jorgezanoni.com.br\/2019\/wp-content\/uploads\/2023\/06\/z9.jpg 828w, https:\/\/jorgezanoni.com.br\/2019\/wp-content\/uploads\/2023\/06\/z9-218x300.jpg 218w, https:\/\/jorgezanoni.com.br\/2019\/wp-content\/uploads\/2023\/06\/z9-745x1024.jpg 745w, https:\/\/jorgezanoni.com.br\/2019\/wp-content\/uploads\/2023\/06\/z9-768x1056.jpg 768w, https:\/\/jorgezanoni.com.br\/2019\/wp-content\/uploads\/2023\/06\/z9-696x957.jpg 696w, https:\/\/jorgezanoni.com.br\/2019\/wp-content\/uploads\/2023\/06\/z9-306x420.jpg 306w\" sizes=\"auto, (max-width: 828px) 100vw, 828px\" \/> <img loading=\"lazy\" decoding=\"async\" class=\"alignnone size-full wp-image-77754\" src=\"https:\/\/jorgezanoni.com.br\/2019\/wp-content\/uploads\/2023\/06\/z10.jpg\" alt=\"\" width=\"828\" height=\"1126\" srcset=\"https:\/\/jorgezanoni.com.br\/2019\/wp-content\/uploads\/2023\/06\/z10.jpg 828w, https:\/\/jorgezanoni.com.br\/2019\/wp-content\/uploads\/2023\/06\/z10-221x300.jpg 221w, https:\/\/jorgezanoni.com.br\/2019\/wp-content\/uploads\/2023\/06\/z10-753x1024.jpg 753w, https:\/\/jorgezanoni.com.br\/2019\/wp-content\/uploads\/2023\/06\/z10-768x1044.jpg 768w, https:\/\/jorgezanoni.com.br\/2019\/wp-content\/uploads\/2023\/06\/z10-696x946.jpg 696w, https:\/\/jorgezanoni.com.br\/2019\/wp-content\/uploads\/2023\/06\/z10-309x420.jpg 309w\" sizes=\"auto, (max-width: 828px) 100vw, 828px\" \/><\/div>\n<div dir=\"auto\"><\/div>\n<div dir=\"auto\">Fonte: https:\/\/www.facebook.com\/photo?fbid=226996063515133&amp;set=pcb.226996190181787<\/div>\n","protected":false},"excerpt":{"rendered":"<p>Segue na \u00edntegra a materia noticiada pelo Site JZ, compartilhada do Blog Bastidores da Not\u00edcia, com Foto Ilustrativa, alem da resposta na \u00edntegra do solicitante.\u00a0 Ser\u00e3o postadas nos mesmos locais publicados. Jorge Zanoni &nbsp; Discuss\u00e3o sobre subs\u00eddios de pol\u00edticos vai parar na Pol\u00edcia NOTA DO JORNALISTA CARLOS VOLPI. O Portal Alta Paulista J\u00e1, por meio [&hellip;]<\/p>\n","protected":false},"author":1,"featured_media":77755,"comment_status":"closed","ping_status":"open","sticky":false,"template":"","format":"standard","meta":{"footnotes":""},"categories":[110,116],"tags":[],"class_list":["post-77742","post","type-post","status-publish","format-standard","has-post-thumbnail","hentry","category-noticiasdestaque","category-politicaeeconomia"],"_links":{"self":[{"href":"https:\/\/jorgezanoni.com.br\/2019\/wp-json\/wp\/v2\/posts\/77742","targetHints":{"allow":["GET"]}}],"collection":[{"href":"https:\/\/jorgezanoni.com.br\/2019\/wp-json\/wp\/v2\/posts"}],"about":[{"href":"https:\/\/jorgezanoni.com.br\/2019\/wp-json\/wp\/v2\/types\/post"}],"author":[{"embeddable":true,"href":"https:\/\/jorgezanoni.com.br\/2019\/wp-json\/wp\/v2\/users\/1"}],"replies":[{"embeddable":true,"href":"https:\/\/jorgezanoni.com.br\/2019\/wp-json\/wp\/v2\/comments?post=77742"}],"version-history":[{"count":4,"href":"https:\/\/jorgezanoni.com.br\/2019\/wp-json\/wp\/v2\/posts\/77742\/revisions"}],"predecessor-version":[{"id":77759,"href":"https:\/\/jorgezanoni.com.br\/2019\/wp-json\/wp\/v2\/posts\/77742\/revisions\/77759"}],"wp:featuredmedia":[{"embeddable":true,"href":"https:\/\/jorgezanoni.com.br\/2019\/wp-json\/wp\/v2\/media\/77755"}],"wp:attachment":[{"href":"https:\/\/jorgezanoni.com.br\/2019\/wp-json\/wp\/v2\/media?parent=77742"}],"wp:term":[{"taxonomy":"category","embeddable":true,"href":"https:\/\/jorgezanoni.com.br\/2019\/wp-json\/wp\/v2\/categories?post=77742"},{"taxonomy":"post_tag","embeddable":true,"href":"https:\/\/jorgezanoni.com.br\/2019\/wp-json\/wp\/v2\/tags?post=77742"}],"curies":[{"name":"wp","href":"https:\/\/api.w.org\/{rel}","templated":true}]}}