{"id":77737,"date":"2023-06-27T11:12:04","date_gmt":"2023-06-27T11:12:04","guid":{"rendered":"https:\/\/jorgezanoni.com.br\/2019\/?p=77737"},"modified":"2023-06-27T11:22:04","modified_gmt":"2023-06-27T11:22:04","slug":"discussao-sobre-subsidios-de-polpiticos-vai-parar-na-policia","status":"publish","type":"post","link":"https:\/\/jorgezanoni.com.br\/2019\/discussao-sobre-subsidios-de-polpiticos-vai-parar-na-policia\/","title":{"rendered":"Discuss\u00e3o sobre subs\u00eddios de pol\u00edticos vai parar na Pol\u00edcia"},"content":{"rendered":"<div class=\"xdj266r x11i5rnm xat24cr x1mh8g0r x1vvkbs x126k92a\">\n<div dir=\"auto\" style=\"text-align: justify;\">Na sess\u00e3o da C\u00e2mara desta segunda-feira n\u00e3o entrou na pauta nenhum projeto relacionado a subs\u00eddios de prefeito, vice-prefeito, secret\u00e1rios e vereadores para o pr\u00f3ximo mandato. O prazo vence no ano que vem, mas antes do per\u00edodo eleitoral. A comiss\u00e3o de Finan\u00e7as e Or\u00e7amento n\u00e3o apresentou nenhum projeto neste teor para aprecia\u00e7\u00e3o dos demais ed\u00eds.<\/div>\n<\/div>\n<div class=\"x11i5rnm xat24cr x1mh8g0r x1vvkbs xtlvy1s x126k92a\" style=\"text-align: justify;\">\n<div dir=\"auto\">Como o assunto ganhou repercuss\u00e3o nas redes sociais, diversas pessoas compareceram na C\u00e2mara para acompanhar uma poss\u00edvel vota\u00e7\u00e3o do tema pol\u00eamico. O presidente do Legislativo, Danilo Ledo dos Santos, qualificou as informa\u00e7\u00f5es sobre subs\u00eddios e envolvendo seu nome como \u2018fake news\u2019 e registrou boletim de ocorr\u00eancia na Pol\u00edcia Civil para apura\u00e7\u00e3o de responsabilidades.<\/div>\n<\/div>\n<div class=\"x11i5rnm xat24cr x1mh8g0r x1vvkbs xtlvy1s x126k92a\" style=\"text-align: justify;\">\n<div dir=\"auto\">O prefeito Andr\u00e9 Lemos esteve na sess\u00e3o para esclarecer o financiamento de R$ 31 milh\u00f5es para a implanta\u00e7\u00e3o de uma usina que gera energia com a queima do lixo. Lemos usou a tribuna e se solidarizou com Danilo e tamb\u00e9m disse que vai procurar a pol\u00edcia para registrar a ocorr\u00eancia, pois a reportagem de um portal da cidade citou seu nome e deu a entender que o aumento seria para o mandato atual confundindo a opini\u00e3o p\u00fablica.<\/div>\n<\/div>\n<div class=\"x11i5rnm xat24cr x1mh8g0r x1vvkbs xtlvy1s x126k92a\">\n<div dir=\"auto\" style=\"text-align: justify;\">A C\u00e2mara n\u00e3o ter\u00e1 sess\u00f5es ordin\u00e1rias em julho por causa do recesso e poder\u00e1 fixar os novos subs\u00eddios no segundo semestre deste ano ou nos primeiros meses de 2024. A popula\u00e7\u00e3o espera ser ouvida para se chegar aos valores adequados para os diversos cargos com vig\u00eancia dos subs\u00eddios em 2025.<\/div>\n<div dir=\"auto\"><\/div>\n<\/div>\n<div dir=\"auto\">Fonte: Bastidores da Noticia<\/div>\n<div dir=\"auto\"><\/div>\n<div dir=\"auto\">Foto Ilustrativa<\/div>\n","protected":false},"excerpt":{"rendered":"<p>Na sess\u00e3o da C\u00e2mara desta segunda-feira n\u00e3o entrou na pauta nenhum projeto relacionado a subs\u00eddios de prefeito, vice-prefeito, secret\u00e1rios e vereadores para o pr\u00f3ximo mandato. O prazo vence no ano que vem, mas antes do per\u00edodo eleitoral. A comiss\u00e3o de Finan\u00e7as e Or\u00e7amento n\u00e3o apresentou nenhum projeto neste teor para aprecia\u00e7\u00e3o dos demais ed\u00eds. Como [&hellip;]<\/p>\n","protected":false},"author":1,"featured_media":77738,"comment_status":"closed","ping_status":"open","sticky":false,"template":"","format":"standard","meta":{"footnotes":""},"categories":[110,116],"tags":[],"class_list":["post-77737","post","type-post","status-publish","format-standard","has-post-thumbnail","hentry","category-noticiasdestaque","category-politicaeeconomia"],"_links":{"self":[{"href":"https:\/\/jorgezanoni.com.br\/2019\/wp-json\/wp\/v2\/posts\/77737","targetHints":{"allow":["GET"]}}],"collection":[{"href":"https:\/\/jorgezanoni.com.br\/2019\/wp-json\/wp\/v2\/posts"}],"about":[{"href":"https:\/\/jorgezanoni.com.br\/2019\/wp-json\/wp\/v2\/types\/post"}],"author":[{"embeddable":true,"href":"https:\/\/jorgezanoni.com.br\/2019\/wp-json\/wp\/v2\/users\/1"}],"replies":[{"embeddable":true,"href":"https:\/\/jorgezanoni.com.br\/2019\/wp-json\/wp\/v2\/comments?post=77737"}],"version-history":[{"count":3,"href":"https:\/\/jorgezanoni.com.br\/2019\/wp-json\/wp\/v2\/posts\/77737\/revisions"}],"predecessor-version":[{"id":77741,"href":"https:\/\/jorgezanoni.com.br\/2019\/wp-json\/wp\/v2\/posts\/77737\/revisions\/77741"}],"wp:featuredmedia":[{"embeddable":true,"href":"https:\/\/jorgezanoni.com.br\/2019\/wp-json\/wp\/v2\/media\/77738"}],"wp:attachment":[{"href":"https:\/\/jorgezanoni.com.br\/2019\/wp-json\/wp\/v2\/media?parent=77737"}],"wp:term":[{"taxonomy":"category","embeddable":true,"href":"https:\/\/jorgezanoni.com.br\/2019\/wp-json\/wp\/v2\/categories?post=77737"},{"taxonomy":"post_tag","embeddable":true,"href":"https:\/\/jorgezanoni.com.br\/2019\/wp-json\/wp\/v2\/tags?post=77737"}],"curies":[{"name":"wp","href":"https:\/\/api.w.org\/{rel}","templated":true}]}}