{"id":7762,"date":"2019-10-02T21:41:03","date_gmt":"2019-10-02T21:41:03","guid":{"rendered":"https:\/\/jorgezanoni.com.br\/2019\/?p=7762"},"modified":"2019-10-02T21:55:41","modified_gmt":"2019-10-02T21:55:41","slug":"apos-garoto-levar-7-pontos-e-site-jz-mostrar-em-video-brinquedos-sao-retirados-de-praca-em-dracena","status":"publish","type":"post","link":"https:\/\/jorgezanoni.com.br\/2019\/apos-garoto-levar-7-pontos-e-site-jz-mostrar-em-video-brinquedos-sao-retirados-de-praca-em-dracena\/","title":{"rendered":"Ap\u00f3s garoto levar 7 pontos e Site JZ mostrar em v\u00eddeo, brinquedos s\u00e3o retirados de Pra\u00e7a em Dracena"},"content":{"rendered":"<p style=\"text-align: justify;\">No \u00faltimo s\u00e1bado (28) um garoto de 9 anos ficou ferido em um brinquedo e acabou levando 7 pontos em numa das pernas ap\u00f3s passar por atendimento no Pronto Socorro da Santa Casa de Dracena<\/p>\n<p style=\"text-align: justify;\"><img loading=\"lazy\" decoding=\"async\" class=\"alignnone size-full wp-image-7763\" src=\"https:\/\/jorgezanoni.com.br\/2019\/wp-content\/uploads\/2019\/10\/parque1.jpg\" alt=\"\" width=\"585\" height=\"1040\" srcset=\"https:\/\/jorgezanoni.com.br\/2019\/wp-content\/uploads\/2019\/10\/parque1.jpg 585w, https:\/\/jorgezanoni.com.br\/2019\/wp-content\/uploads\/2019\/10\/parque1-169x300.jpg 169w, https:\/\/jorgezanoni.com.br\/2019\/wp-content\/uploads\/2019\/10\/parque1-576x1024.jpg 576w, https:\/\/jorgezanoni.com.br\/2019\/wp-content\/uploads\/2019\/10\/parque1-236x420.jpg 236w\" sizes=\"auto, (max-width: 585px) 100vw, 585px\" \/><\/p>\n<p style=\"text-align: justify;\">O fato aconteceu na Pra\u00e7a vizinha da Escola Ottilia Braz Nogueirol. Hoje (2) a reportagem do Site JZ esteve no local e entrevistou o pai do garoto, sr.\u00a0Weslei Mar\u00e7al da Silva.<\/p>\n<p style=\"text-align: justify;\">Silva disse que havia entrado em contato com um vereador e que esse havia solicitado ao prefeito atrav\u00e9s de of\u00edcio, a retirada dos brinquedos daquela Pra\u00e7a.<\/p>\n<p style=\"text-align: justify;\">A entrevista com v\u00eddeo foi realizada no per\u00edodo da manh\u00e3 e o pai do garoto entrou novamente em contato com a reportagem do Site no final da tarde, inclusive enviando fotos, dizendo que realmente os brinquedos estavam sendo retirados do local.<\/p>\n<p><img loading=\"lazy\" decoding=\"async\" class=\"alignnone size-full wp-image-7764\" src=\"https:\/\/jorgezanoni.com.br\/2019\/wp-content\/uploads\/2019\/10\/parque.jpg\" alt=\"\" width=\"585\" height=\"1040\" srcset=\"https:\/\/jorgezanoni.com.br\/2019\/wp-content\/uploads\/2019\/10\/parque.jpg 585w, https:\/\/jorgezanoni.com.br\/2019\/wp-content\/uploads\/2019\/10\/parque-169x300.jpg 169w, https:\/\/jorgezanoni.com.br\/2019\/wp-content\/uploads\/2019\/10\/parque-576x1024.jpg 576w, https:\/\/jorgezanoni.com.br\/2019\/wp-content\/uploads\/2019\/10\/parque-236x420.jpg 236w\" sizes=\"auto, (max-width: 585px) 100vw, 585px\" \/><\/p>\n<p style=\"text-align: justify;\">Mesmo com a agiliza\u00e7\u00e3o do atendimento, achamos interessante que o cuidado com a popula\u00e7\u00e3o est\u00e1 em segundo plano, ou seja, primeiro precisa acontecer para depois se tomar provid\u00eancias.<\/p>\n<p><img loading=\"lazy\" decoding=\"async\" class=\"alignnone size-full wp-image-7765\" src=\"https:\/\/jorgezanoni.com.br\/2019\/wp-content\/uploads\/2019\/10\/parque3.jpg\" alt=\"\" width=\"1032\" height=\"581\" srcset=\"https:\/\/jorgezanoni.com.br\/2019\/wp-content\/uploads\/2019\/10\/parque3.jpg 1032w, https:\/\/jorgezanoni.com.br\/2019\/wp-content\/uploads\/2019\/10\/parque3-300x169.jpg 300w, https:\/\/jorgezanoni.com.br\/2019\/wp-content\/uploads\/2019\/10\/parque3-768x432.jpg 768w, https:\/\/jorgezanoni.com.br\/2019\/wp-content\/uploads\/2019\/10\/parque3-1024x576.jpg 1024w, https:\/\/jorgezanoni.com.br\/2019\/wp-content\/uploads\/2019\/10\/parque3-696x392.jpg 696w, https:\/\/jorgezanoni.com.br\/2019\/wp-content\/uploads\/2019\/10\/parque3-746x420.jpg 746w\" sizes=\"auto, (max-width: 1032px) 100vw, 1032px\" \/><\/p>\n<p style=\"text-align: justify;\">Outro detalhe que precisa ser observado \u00e9 se foram retirados somente os brinquedos, ou ferros que est\u00e3o com pontas \u00e0 mostra e peda\u00e7os de bancos quebrados, tamb\u00e9m tiveram o mesmo destino.<\/p>\n<p><img loading=\"lazy\" decoding=\"async\" class=\"alignnone size-full wp-image-7766\" src=\"https:\/\/jorgezanoni.com.br\/2019\/wp-content\/uploads\/2019\/10\/parque4.jpg\" alt=\"\" width=\"1032\" height=\"581\" srcset=\"https:\/\/jorgezanoni.com.br\/2019\/wp-content\/uploads\/2019\/10\/parque4.jpg 1032w, https:\/\/jorgezanoni.com.br\/2019\/wp-content\/uploads\/2019\/10\/parque4-300x169.jpg 300w, https:\/\/jorgezanoni.com.br\/2019\/wp-content\/uploads\/2019\/10\/parque4-768x432.jpg 768w, https:\/\/jorgezanoni.com.br\/2019\/wp-content\/uploads\/2019\/10\/parque4-1024x576.jpg 1024w, https:\/\/jorgezanoni.com.br\/2019\/wp-content\/uploads\/2019\/10\/parque4-696x392.jpg 696w, https:\/\/jorgezanoni.com.br\/2019\/wp-content\/uploads\/2019\/10\/parque4-746x420.jpg 746w\" sizes=\"auto, (max-width: 1032px) 100vw, 1032px\" \/><\/p>\n<p style=\"text-align: justify;\">Jorge Zanoni<\/p>\n<p style=\"text-align: justify;\">Fotos de Internauta.<\/p>\n","protected":false},"excerpt":{"rendered":"<p>No \u00faltimo s\u00e1bado (28) um garoto de 9 anos ficou ferido em um brinquedo e acabou levando 7 pontos em numa das pernas ap\u00f3s passar por atendimento no Pronto Socorro da Santa Casa de Dracena O fato aconteceu na Pra\u00e7a vizinha da Escola Ottilia Braz Nogueirol. Hoje (2) a reportagem do Site JZ esteve no [&hellip;]<\/p>\n","protected":false},"author":1,"featured_media":7764,"comment_status":"closed","ping_status":"open","sticky":false,"template":"","format":"standard","meta":{"footnotes":""},"categories":[170,110],"tags":[],"class_list":["post-7762","post","type-post","status-publish","format-standard","has-post-thumbnail","hentry","category-acidentes","category-noticiasdestaque"],"_links":{"self":[{"href":"https:\/\/jorgezanoni.com.br\/2019\/wp-json\/wp\/v2\/posts\/7762","targetHints":{"allow":["GET"]}}],"collection":[{"href":"https:\/\/jorgezanoni.com.br\/2019\/wp-json\/wp\/v2\/posts"}],"about":[{"href":"https:\/\/jorgezanoni.com.br\/2019\/wp-json\/wp\/v2\/types\/post"}],"author":[{"embeddable":true,"href":"https:\/\/jorgezanoni.com.br\/2019\/wp-json\/wp\/v2\/users\/1"}],"replies":[{"embeddable":true,"href":"https:\/\/jorgezanoni.com.br\/2019\/wp-json\/wp\/v2\/comments?post=7762"}],"version-history":[{"count":0,"href":"https:\/\/jorgezanoni.com.br\/2019\/wp-json\/wp\/v2\/posts\/7762\/revisions"}],"wp:featuredmedia":[{"embeddable":true,"href":"https:\/\/jorgezanoni.com.br\/2019\/wp-json\/wp\/v2\/media\/7764"}],"wp:attachment":[{"href":"https:\/\/jorgezanoni.com.br\/2019\/wp-json\/wp\/v2\/media?parent=7762"}],"wp:term":[{"taxonomy":"category","embeddable":true,"href":"https:\/\/jorgezanoni.com.br\/2019\/wp-json\/wp\/v2\/categories?post=7762"},{"taxonomy":"post_tag","embeddable":true,"href":"https:\/\/jorgezanoni.com.br\/2019\/wp-json\/wp\/v2\/tags?post=7762"}],"curies":[{"name":"wp","href":"https:\/\/api.w.org\/{rel}","templated":true}]}}