{"id":77599,"date":"2023-06-24T17:51:16","date_gmt":"2023-06-24T17:51:16","guid":{"rendered":"https:\/\/jorgezanoni.com.br\/2019\/?p=77599"},"modified":"2023-06-24T17:51:16","modified_gmt":"2023-06-24T17:51:16","slug":"policia-civil-realiza-ciclo-de-palestras-sobre-prevencao-as-drogas-para-alunos-da-rede-municipal-de-ensino-em-dracena","status":"publish","type":"post","link":"https:\/\/jorgezanoni.com.br\/2019\/policia-civil-realiza-ciclo-de-palestras-sobre-prevencao-as-drogas-para-alunos-da-rede-municipal-de-ensino-em-dracena\/","title":{"rendered":"Pol\u00edcia Civil realiza ciclo de palestras sobre preven\u00e7\u00e3o \u00e0s Drogas para alunos da rede municipal de ensino em Dracena"},"content":{"rendered":"<p style=\"text-align: justify;\"><strong>As atividades fazem parte da V Semana Municipal Antidrogas, evento que \u00e9 organizado pelo Conselho Municipal Antidrogas (COMAD), com apoio da Pol\u00edcia Civil e a Prefeitura Municipal de Dracena<\/strong><\/p>\n<p style=\"text-align: justify;\">A Pol\u00edcia Civil, por interm\u00e9dio da Delegacia Seccional de Pol\u00edcia de Dracena, em parceria com o COMAD e a Prefeitura de Dracena, promoveu na \u00faltima quarta-feira (21) e nesta sexta-feira (23), palestras para alunos da rede municipal de ensino. Foram beneficiados os estudantes com idades entre 12 e 15 anos, pertencentes as escolas localizadas nos distritos de Jamaica (EMEFI Amador Franco da Silveira) e Jacipor\u00e3 (EMEFI Prof\u00ba. S\u00e9rgio Liberatti), em Dracena (SP).<br \/>\nA Pol\u00edcia Civil foi representada pelo agente policial Reginaldo Rosa, que discorreu durantes os encontros, sobre o que s\u00e3o drogas l\u00edcitas e il\u00edcitas; os malef\u00edcios e as consequ\u00eancias da drogadi\u00e7\u00e3o. O agente tamb\u00e9m ressaltou que o uso de drogas l\u00edcitas ou il\u00edcitas representam um grande problema de sa\u00fade p\u00fablica, e quando se trata da drogadi\u00e7\u00e3o precoce de adolescentes as consequ\u00eancias podem ser mais graves ainda, da\u00ed import\u00e2ncia de informar sobre os malef\u00edcios ao consumo, bem como, evitar primeiro contato entres os jovens.<br \/>\nAs palestras de a\u00e7\u00f5es preventivas nas escolas da rede municipal de ensino, integraram parte das atividades da V Semana Municipal Antidrogas de Dracena. Os eventos tamb\u00e9m englobam as diversas a\u00e7\u00f5es desenvolvidas pela Pol\u00edcia Civil, em alus\u00e3o ao dia 26 de junho, data institu\u00edda pela ONU (Organiza\u00e7\u00e3o das Na\u00e7\u00f5es Unidas) como Dia Internacional do Combate ao Abuso e Tr\u00e1fico Il\u00edcito de Drogas.<br \/>\nA programa\u00e7\u00e3o da V Semana Municipal Antidrogas de Dracena, est\u00e1 sendo realizada, entre os dias 19 e 25 junho, por idealiza\u00e7\u00e3o do Conselho Municipal Antidrogas &#8211; COMAD, em parceria com a Secretaria de Educa\u00e7\u00e3o, Secretaria da Sa\u00fade e Higiene P\u00fablica, Prefeitura Municipal de Dracena e a Pol\u00edcia Civil do Estado de S\u00e3o Paulo.<\/p>\n<p><img loading=\"lazy\" decoding=\"async\" class=\"alignnone size-full wp-image-77600\" src=\"https:\/\/jorgezanoni.com.br\/2019\/wp-content\/uploads\/2023\/06\/co3-Pequeno.jpg\" alt=\"\" width=\"480\" height=\"480\" srcset=\"https:\/\/jorgezanoni.com.br\/2019\/wp-content\/uploads\/2023\/06\/co3-Pequeno.jpg 480w, https:\/\/jorgezanoni.com.br\/2019\/wp-content\/uploads\/2023\/06\/co3-Pequeno-300x300.jpg 300w, https:\/\/jorgezanoni.com.br\/2019\/wp-content\/uploads\/2023\/06\/co3-Pequeno-150x150.jpg 150w, https:\/\/jorgezanoni.com.br\/2019\/wp-content\/uploads\/2023\/06\/co3-Pequeno-420x420.jpg 420w\" sizes=\"auto, (max-width: 480px) 100vw, 480px\" \/> <img loading=\"lazy\" decoding=\"async\" class=\"alignnone size-full wp-image-77601\" src=\"https:\/\/jorgezanoni.com.br\/2019\/wp-content\/uploads\/2023\/06\/co-Pequeno.jpg\" alt=\"\" width=\"480\" height=\"480\" srcset=\"https:\/\/jorgezanoni.com.br\/2019\/wp-content\/uploads\/2023\/06\/co-Pequeno.jpg 480w, https:\/\/jorgezanoni.com.br\/2019\/wp-content\/uploads\/2023\/06\/co-Pequeno-300x300.jpg 300w, https:\/\/jorgezanoni.com.br\/2019\/wp-content\/uploads\/2023\/06\/co-Pequeno-150x150.jpg 150w, https:\/\/jorgezanoni.com.br\/2019\/wp-content\/uploads\/2023\/06\/co-Pequeno-420x420.jpg 420w\" sizes=\"auto, (max-width: 480px) 100vw, 480px\" \/> <img loading=\"lazy\" decoding=\"async\" class=\"alignnone size-full wp-image-77602\" src=\"https:\/\/jorgezanoni.com.br\/2019\/wp-content\/uploads\/2023\/06\/co2-Pequeno.jpg\" alt=\"\" width=\"480\" height=\"480\" srcset=\"https:\/\/jorgezanoni.com.br\/2019\/wp-content\/uploads\/2023\/06\/co2-Pequeno.jpg 480w, https:\/\/jorgezanoni.com.br\/2019\/wp-content\/uploads\/2023\/06\/co2-Pequeno-300x300.jpg 300w, https:\/\/jorgezanoni.com.br\/2019\/wp-content\/uploads\/2023\/06\/co2-Pequeno-150x150.jpg 150w, https:\/\/jorgezanoni.com.br\/2019\/wp-content\/uploads\/2023\/06\/co2-Pequeno-420x420.jpg 420w\" sizes=\"auto, (max-width: 480px) 100vw, 480px\" \/> <img loading=\"lazy\" decoding=\"async\" class=\"alignnone size-full wp-image-77603\" src=\"https:\/\/jorgezanoni.com.br\/2019\/wp-content\/uploads\/2023\/06\/co1-Pequeno.jpg\" alt=\"\" width=\"480\" height=\"480\" srcset=\"https:\/\/jorgezanoni.com.br\/2019\/wp-content\/uploads\/2023\/06\/co1-Pequeno.jpg 480w, https:\/\/jorgezanoni.com.br\/2019\/wp-content\/uploads\/2023\/06\/co1-Pequeno-300x300.jpg 300w, https:\/\/jorgezanoni.com.br\/2019\/wp-content\/uploads\/2023\/06\/co1-Pequeno-150x150.jpg 150w, https:\/\/jorgezanoni.com.br\/2019\/wp-content\/uploads\/2023\/06\/co1-Pequeno-420x420.jpg 420w\" sizes=\"auto, (max-width: 480px) 100vw, 480px\" \/> <img loading=\"lazy\" decoding=\"async\" class=\"alignnone size-full wp-image-77604\" src=\"https:\/\/jorgezanoni.com.br\/2019\/wp-content\/uploads\/2023\/06\/co4-Pequeno.jpg\" alt=\"\" width=\"480\" height=\"480\" srcset=\"https:\/\/jorgezanoni.com.br\/2019\/wp-content\/uploads\/2023\/06\/co4-Pequeno.jpg 480w, https:\/\/jorgezanoni.com.br\/2019\/wp-content\/uploads\/2023\/06\/co4-Pequeno-300x300.jpg 300w, https:\/\/jorgezanoni.com.br\/2019\/wp-content\/uploads\/2023\/06\/co4-Pequeno-150x150.jpg 150w, https:\/\/jorgezanoni.com.br\/2019\/wp-content\/uploads\/2023\/06\/co4-Pequeno-420x420.jpg 420w\" sizes=\"auto, (max-width: 480px) 100vw, 480px\" \/><\/p>\n<p>Fonte: Com. Social Policia Civil<\/p>\n","protected":false},"excerpt":{"rendered":"<p>As atividades fazem parte da V Semana Municipal Antidrogas, evento que \u00e9 organizado pelo Conselho Municipal Antidrogas (COMAD), com apoio da Pol\u00edcia Civil e a Prefeitura Municipal de Dracena A Pol\u00edcia Civil, por interm\u00e9dio da Delegacia Seccional de Pol\u00edcia de Dracena, em parceria com o COMAD e a Prefeitura de Dracena, promoveu na \u00faltima quarta-feira [&hellip;]<\/p>\n","protected":false},"author":1,"featured_media":77605,"comment_status":"closed","ping_status":"open","sticky":false,"template":"","format":"standard","meta":{"footnotes":""},"categories":[110,2],"tags":[],"class_list":["post-77599","post","type-post","status-publish","format-standard","has-post-thumbnail","hentry","category-noticiasdestaque","category-policial"],"_links":{"self":[{"href":"https:\/\/jorgezanoni.com.br\/2019\/wp-json\/wp\/v2\/posts\/77599","targetHints":{"allow":["GET"]}}],"collection":[{"href":"https:\/\/jorgezanoni.com.br\/2019\/wp-json\/wp\/v2\/posts"}],"about":[{"href":"https:\/\/jorgezanoni.com.br\/2019\/wp-json\/wp\/v2\/types\/post"}],"author":[{"embeddable":true,"href":"https:\/\/jorgezanoni.com.br\/2019\/wp-json\/wp\/v2\/users\/1"}],"replies":[{"embeddable":true,"href":"https:\/\/jorgezanoni.com.br\/2019\/wp-json\/wp\/v2\/comments?post=77599"}],"version-history":[{"count":1,"href":"https:\/\/jorgezanoni.com.br\/2019\/wp-json\/wp\/v2\/posts\/77599\/revisions"}],"predecessor-version":[{"id":77606,"href":"https:\/\/jorgezanoni.com.br\/2019\/wp-json\/wp\/v2\/posts\/77599\/revisions\/77606"}],"wp:featuredmedia":[{"embeddable":true,"href":"https:\/\/jorgezanoni.com.br\/2019\/wp-json\/wp\/v2\/media\/77605"}],"wp:attachment":[{"href":"https:\/\/jorgezanoni.com.br\/2019\/wp-json\/wp\/v2\/media?parent=77599"}],"wp:term":[{"taxonomy":"category","embeddable":true,"href":"https:\/\/jorgezanoni.com.br\/2019\/wp-json\/wp\/v2\/categories?post=77599"},{"taxonomy":"post_tag","embeddable":true,"href":"https:\/\/jorgezanoni.com.br\/2019\/wp-json\/wp\/v2\/tags?post=77599"}],"curies":[{"name":"wp","href":"https:\/\/api.w.org\/{rel}","templated":true}]}}