{"id":77594,"date":"2023-06-24T16:40:41","date_gmt":"2023-06-24T16:40:41","guid":{"rendered":"https:\/\/jorgezanoni.com.br\/2019\/?p=77594"},"modified":"2023-06-24T16:40:41","modified_gmt":"2023-06-24T16:40:41","slug":"sicredi-lanca-movimento-de-voluntariado-no-dia-de-cooperar","status":"publish","type":"post","link":"https:\/\/jorgezanoni.com.br\/2019\/sicredi-lanca-movimento-de-voluntariado-no-dia-de-cooperar\/","title":{"rendered":"Sicredi lan\u00e7a Movimento de Voluntariado no Dia de Cooperar"},"content":{"rendered":"<p><strong><i>Iniciativa visa estimular a realiza\u00e7\u00e3o de a\u00e7\u00f5es volunt\u00e1rias durante o ano todo.<\/i><\/strong><\/p>\n<p style=\"text-align: justify;\">O Sicredi, institui\u00e7\u00e3o financeira cooperativa com mais de 6,5 milh\u00f5es de associados e presen\u00e7a em todas as regi\u00f5es do Brasil, participa da mobiliza\u00e7\u00e3o do Dia C (Dia de Cooperar), uma iniciativa liderada pelo Sistema OCB (Organiza\u00e7\u00e3o das Cooperativas do Brasil) para comemorar o Dia Internacional do Cooperativismo. No dia 1\u00ba de julho, s\u00e1bado, o Sicredi realiza a\u00e7\u00f5es de responsabilidade social em diversas regi\u00f5es do Brasil por meio de suas cooperativas e lan\u00e7a seu Movimento de Voluntariado, que visa estimular ainda mais a realiza\u00e7\u00e3o de a\u00e7\u00f5es volunt\u00e1rias durante o ano todo.<\/p>\n<p style=\"text-align: justify;\">&#8220;O Dia C \u00e9 uma iniciativa de extrema relev\u00e2ncia \u00e0 medida que mobiliza volunt\u00e1rios no pa\u00eds inteiro em prol de transforma\u00e7\u00f5es sociais. Por isso escolhemos o m\u00eas de julho para lan\u00e7ar o nosso Movimento de Voluntariado, visando consolidar as a\u00e7\u00f5es j\u00e1 realizadas em nossas cooperativas ao longo do ano e mobilizar mais pessoas a gerarem pequenas e grandes transforma\u00e7\u00f5es. Por meio do Movimento, queremos estimular e promover a\u00e7\u00f5es para ampliar o impacto positivo nas regi\u00f5es onde estamos presentes&#8221;, afirma Romeo Balzan, superintendente de Cooperativismo e Sustentabilidade do Sicredi.<\/p>\n<p style=\"text-align: justify;\"><strong>Dia C em 2022<\/strong><\/p>\n<p style=\"text-align: justify;\">No Dia C em 2022, o Sicredi realizou mais de 550 atividades como palestras sobre educa\u00e7\u00e3o financeira, revitaliza\u00e7\u00e3o de espa\u00e7os p\u00fablicos, doa\u00e7\u00e3o de cestas b\u00e1sicas, entre outras. J\u00e1 ao longo do ano passado foram promovidas cerca de 3,5 mil a\u00e7\u00f5es de voluntariado que beneficiaram aproximadamente 540 mil pessoas e mobilizaram mais de 50 mil volunt\u00e1rios. Nos estados do Paran\u00e1, S\u00e3o Paulo e Rio de Janeiro as cooperativas do Sicredi, em 2022, superaram o desafio estabelecido de uma a\u00e7\u00e3o por ag\u00eancia com a realiza\u00e7\u00e3o de 1.091 iniciativas, que mobilizaram 13 mil volunt\u00e1rios e impactaram mais de 139 mil pessoas.<\/p>\n<p style=\"text-align: justify;\"><strong>Movimento de Voluntariado<\/strong><\/p>\n<p style=\"text-align: justify;\">Com o mote &#8220;Cooperar para mudar o mundo&#8221;, o Movimento de Voluntariado materializa o compromisso do Sicredi com o Pacto Global da Organiza\u00e7\u00e3o das Na\u00e7\u00f5es Unidas (ONU), que visa estimular as empresas a adotarem pol\u00edticas de responsabilidade social corporativa e de sustentabilidade. Para 2023, al\u00e9m de palestras, oficinas e a\u00e7\u00f5es relacionadas aos Objetivos de Desenvolvimento Sustent\u00e1vel (ODS), da ONU, o Sicredi ir\u00e1 disponibilizar diversos materiais de apoio aos volunt\u00e1rios.<\/p>\n<p style=\"text-align: justify;\">O Movimento \u00e9 uma iniciativa que visa promover o servi\u00e7o volunt\u00e1rio de forma sistem\u00e1tica e mais eficaz, envolvendo colaboradores, associados e comunidade para uma atua\u00e7\u00e3o cidad\u00e3, por meio de a\u00e7\u00f5es solid\u00e1rias que estejam alinhadas ao desenvolvimento local.\u00a0<a href=\"https:\/\/www.youtube.com\/watch?v=u6aMW44hGKg\" target=\"_blank\" rel=\"noopener noreferrer\">Assista aqui<\/a>\u00a0o v\u00eddeo manifesto da iniciativa. Mais informa\u00e7\u00f5es em\u00a0<a href=\"http:\/\/www.sicredi.com.br\/voluntariado\" target=\"_blank\" rel=\"noopener noreferrer\">www.sicredi.com.br\/voluntariado<\/a>.<\/p>\n<p style=\"text-align: justify;\"><strong><i>Sobre o Sicredi<\/i><\/strong><\/p>\n<p class=\"v1MsoNormal\" style=\"text-align: justify;\"><i>O Sicredi \u00e9 uma institui\u00e7\u00e3o financeira cooperativa comprometida com o crescimento de seus associados e com o desenvolvimento das regi\u00f5es onde atua. Possui um modelo de gest\u00e3o que valoriza a participa\u00e7\u00e3o dos mais de 6,5 milh\u00f5es de associados, que exercem o papel de donos do neg\u00f3cio. Com mais de 2.500 ag\u00eancias, o Sicredi est\u00e1 presente fisicamente em todos os estados brasileiros e no Distrito Federal, disponibilizando uma gama completa de solu\u00e7\u00f5es financeiras e n\u00e3o financeiras.<\/i><\/p>\n<p class=\"v1MsoNormal\" style=\"text-align: justify;\"><b><i>Site do Sicredi:\u00a0<a href=\"http:\/\/www.sicredi.com.br\/\" target=\"_blank\" rel=\"noopener noreferrer\">www.sicredi.com.br<\/a><\/i><\/b><\/p>\n<p class=\"v1MsoNormal\" style=\"text-align: justify;\"><b><i>Redes Sociais:\u00a0<\/i><\/b><em><b><u><span lang=\"EN-US\"><a href=\"http:\/\/www.facebook.com\/sicredicentrooestepaulista\" target=\"_blank\" rel=\"noopener noreferrer\"><i><span lang=\"PT-BR\">Facebook<\/span><\/i><\/a><\/span><\/u><\/b><\/em><em>\u00a0|<\/em>\u00a0<em><b><u><span lang=\"EN-US\"><a href=\"https:\/\/www.linkedin.com\/company\/sicredi-centro-oeste-paulista\/\" target=\"_blank\" rel=\"noopener noreferrer\"><i><span lang=\"PT-BR\">LinkedIn<\/span><\/i><\/a><\/span><\/u><\/b><\/em><em>\u00a0|<\/em>\u00a0<em><b><u><span lang=\"EN-US\"><a href=\"http:\/\/www.youtube.com\/sicredicentrooestepaulista\" target=\"_blank\" rel=\"noopener noreferrer\"><i><span lang=\"PT-BR\">YouTube<\/span><\/i><\/a><\/span><\/u><\/b><\/em><span lang=\"EN-US\">\u00a0<\/span><em>|\u00a0<\/em><em><b><u><span lang=\"EN-US\"><a href=\"http:\/\/www.instagram.com\/sicredicentrooestepaulista\" target=\"_blank\" rel=\"noopener noreferrer\"><i><span lang=\"PT-BR\">Instagram<\/span><\/i><\/a><\/span><\/u><\/b><\/em><\/p>\n<p style=\"text-align: justify;\"><img loading=\"lazy\" decoding=\"async\" class=\"alignnone size-full wp-image-77596\" src=\"https:\/\/jorgezanoni.com.br\/2019\/wp-content\/uploads\/2023\/06\/sic1.jpg\" alt=\"\" width=\"700\" height=\"406\" srcset=\"https:\/\/jorgezanoni.com.br\/2019\/wp-content\/uploads\/2023\/06\/sic1.jpg 700w, https:\/\/jorgezanoni.com.br\/2019\/wp-content\/uploads\/2023\/06\/sic1-300x174.jpg 300w, https:\/\/jorgezanoni.com.br\/2019\/wp-content\/uploads\/2023\/06\/sic1-696x404.jpg 696w\" sizes=\"auto, (max-width: 700px) 100vw, 700px\" \/>As cooperativas se mobilizam para realiza\u00e7\u00e3o de a\u00e7\u00f5es volunt\u00e1rias de cidadania e solidariedade nas comunidades<br \/>\n<i>Cr\u00e9ditos: divulga\u00e7\u00e3o<\/i><\/p>\n<p style=\"text-align: justify;\">Fonte: Comunica\u00e7\u00e3o e Marketing<\/p>\n","protected":false},"excerpt":{"rendered":"<p>Iniciativa visa estimular a realiza\u00e7\u00e3o de a\u00e7\u00f5es volunt\u00e1rias durante o ano todo. O Sicredi, institui\u00e7\u00e3o financeira cooperativa com mais de 6,5 milh\u00f5es de associados e presen\u00e7a em todas as regi\u00f5es do Brasil, participa da mobiliza\u00e7\u00e3o do Dia C (Dia de Cooperar), uma iniciativa liderada pelo Sistema OCB (Organiza\u00e7\u00e3o das Cooperativas do Brasil) para comemorar o [&hellip;]<\/p>\n","protected":false},"author":1,"featured_media":77597,"comment_status":"closed","ping_status":"open","sticky":false,"template":"","format":"standard","meta":{"footnotes":""},"categories":[110,116],"tags":[],"class_list":["post-77594","post","type-post","status-publish","format-standard","has-post-thumbnail","hentry","category-noticiasdestaque","category-politicaeeconomia"],"_links":{"self":[{"href":"https:\/\/jorgezanoni.com.br\/2019\/wp-json\/wp\/v2\/posts\/77594","targetHints":{"allow":["GET"]}}],"collection":[{"href":"https:\/\/jorgezanoni.com.br\/2019\/wp-json\/wp\/v2\/posts"}],"about":[{"href":"https:\/\/jorgezanoni.com.br\/2019\/wp-json\/wp\/v2\/types\/post"}],"author":[{"embeddable":true,"href":"https:\/\/jorgezanoni.com.br\/2019\/wp-json\/wp\/v2\/users\/1"}],"replies":[{"embeddable":true,"href":"https:\/\/jorgezanoni.com.br\/2019\/wp-json\/wp\/v2\/comments?post=77594"}],"version-history":[{"count":1,"href":"https:\/\/jorgezanoni.com.br\/2019\/wp-json\/wp\/v2\/posts\/77594\/revisions"}],"predecessor-version":[{"id":77598,"href":"https:\/\/jorgezanoni.com.br\/2019\/wp-json\/wp\/v2\/posts\/77594\/revisions\/77598"}],"wp:featuredmedia":[{"embeddable":true,"href":"https:\/\/jorgezanoni.com.br\/2019\/wp-json\/wp\/v2\/media\/77597"}],"wp:attachment":[{"href":"https:\/\/jorgezanoni.com.br\/2019\/wp-json\/wp\/v2\/media?parent=77594"}],"wp:term":[{"taxonomy":"category","embeddable":true,"href":"https:\/\/jorgezanoni.com.br\/2019\/wp-json\/wp\/v2\/categories?post=77594"},{"taxonomy":"post_tag","embeddable":true,"href":"https:\/\/jorgezanoni.com.br\/2019\/wp-json\/wp\/v2\/tags?post=77594"}],"curies":[{"name":"wp","href":"https:\/\/api.w.org\/{rel}","templated":true}]}}