{"id":77569,"date":"2023-06-23T17:14:33","date_gmt":"2023-06-23T17:14:33","guid":{"rendered":"https:\/\/jorgezanoni.com.br\/2019\/?p=77569"},"modified":"2023-06-23T17:14:33","modified_gmt":"2023-06-23T17:14:33","slug":"acidente-entre-dois-veiculos-na-rua-magid-zacharias-em-dracena","status":"publish","type":"post","link":"https:\/\/jorgezanoni.com.br\/2019\/acidente-entre-dois-veiculos-na-rua-magid-zacharias-em-dracena\/","title":{"rendered":"Acidente entre dois ve\u00edculos na Rua Magid Zacharias em Dracena"},"content":{"rendered":"<p style=\"text-align: justify;\"><strong>Acidente aconteceu na esquina da Rua Magid Zacharias (via preferencial) com a Avenida dos Expedicion\u00e1rios.\u00a0<\/strong><\/p>\n<p style=\"text-align: justify;\">No in\u00edcio da manh\u00e3 desta sexta-feira (23), foi registrado um acidente de tr\u00e2nsito sem v\u00edtima, foi em rua que tem record de ocorr\u00eancias.<\/p>\n<p style=\"text-align: justify;\">Segundo informa\u00e7\u00f5es obtidas no local pela reportagem do Site JZ e TOP TV, um ve\u00edculo Fiat Uno dirigido por uma mulher, fazia o sentido centro ao Jardim Keneddy pela Magid, quando foi tocado na traseira por um ve\u00edculo Volkswagem Gol, dirigido por um homem que fazia o sentido centro-bairro pela Expedicion\u00e1rios.<\/p>\n<p style=\"text-align: justify;\">Com o impacto da batida o Uno rodou e atingiu uma placa de sinaliza\u00e7\u00e3o. Ningu\u00e9m ficou ferido. Apenas danos materiais.<\/p>\n<p style=\"text-align: justify;\">Bombeiros e Pol\u00edcia Militar compareceram ao local.<\/p>\n<p><img loading=\"lazy\" decoding=\"async\" class=\"alignnone size-full wp-image-77570\" src=\"https:\/\/jorgezanoni.com.br\/2019\/wp-content\/uploads\/2023\/06\/IMG_6540-Pequeno.jpg\" alt=\"\" width=\"640\" height=\"480\" srcset=\"https:\/\/jorgezanoni.com.br\/2019\/wp-content\/uploads\/2023\/06\/IMG_6540-Pequeno.jpg 640w, https:\/\/jorgezanoni.com.br\/2019\/wp-content\/uploads\/2023\/06\/IMG_6540-Pequeno-300x225.jpg 300w, https:\/\/jorgezanoni.com.br\/2019\/wp-content\/uploads\/2023\/06\/IMG_6540-Pequeno-80x60.jpg 80w, https:\/\/jorgezanoni.com.br\/2019\/wp-content\/uploads\/2023\/06\/IMG_6540-Pequeno-265x198.jpg 265w, https:\/\/jorgezanoni.com.br\/2019\/wp-content\/uploads\/2023\/06\/IMG_6540-Pequeno-560x420.jpg 560w\" sizes=\"auto, (max-width: 640px) 100vw, 640px\" \/> <img loading=\"lazy\" decoding=\"async\" class=\"alignnone size-full wp-image-77572\" src=\"https:\/\/jorgezanoni.com.br\/2019\/wp-content\/uploads\/2023\/06\/IMG_6542-Pequeno.jpg\" alt=\"\" width=\"640\" height=\"480\" srcset=\"https:\/\/jorgezanoni.com.br\/2019\/wp-content\/uploads\/2023\/06\/IMG_6542-Pequeno.jpg 640w, https:\/\/jorgezanoni.com.br\/2019\/wp-content\/uploads\/2023\/06\/IMG_6542-Pequeno-300x225.jpg 300w, https:\/\/jorgezanoni.com.br\/2019\/wp-content\/uploads\/2023\/06\/IMG_6542-Pequeno-80x60.jpg 80w, https:\/\/jorgezanoni.com.br\/2019\/wp-content\/uploads\/2023\/06\/IMG_6542-Pequeno-265x198.jpg 265w, https:\/\/jorgezanoni.com.br\/2019\/wp-content\/uploads\/2023\/06\/IMG_6542-Pequeno-560x420.jpg 560w\" sizes=\"auto, (max-width: 640px) 100vw, 640px\" \/> <img loading=\"lazy\" decoding=\"async\" class=\"alignnone size-full wp-image-77573\" src=\"https:\/\/jorgezanoni.com.br\/2019\/wp-content\/uploads\/2023\/06\/IMG_6543-Pequeno.jpg\" alt=\"\" width=\"640\" height=\"480\" srcset=\"https:\/\/jorgezanoni.com.br\/2019\/wp-content\/uploads\/2023\/06\/IMG_6543-Pequeno.jpg 640w, https:\/\/jorgezanoni.com.br\/2019\/wp-content\/uploads\/2023\/06\/IMG_6543-Pequeno-300x225.jpg 300w, https:\/\/jorgezanoni.com.br\/2019\/wp-content\/uploads\/2023\/06\/IMG_6543-Pequeno-80x60.jpg 80w, https:\/\/jorgezanoni.com.br\/2019\/wp-content\/uploads\/2023\/06\/IMG_6543-Pequeno-265x198.jpg 265w, https:\/\/jorgezanoni.com.br\/2019\/wp-content\/uploads\/2023\/06\/IMG_6543-Pequeno-560x420.jpg 560w\" sizes=\"auto, (max-width: 640px) 100vw, 640px\" \/><\/p>\n<p style=\"text-align: justify;\">Jorge Zanoni<\/p>\n","protected":false},"excerpt":{"rendered":"<p>Acidente aconteceu na esquina da Rua Magid Zacharias (via preferencial) com a Avenida dos Expedicion\u00e1rios.\u00a0 No in\u00edcio da manh\u00e3 desta sexta-feira (23), foi registrado um acidente de tr\u00e2nsito sem v\u00edtima, foi em rua que tem record de ocorr\u00eancias. Segundo informa\u00e7\u00f5es obtidas no local pela reportagem do Site JZ e TOP TV, um ve\u00edculo Fiat Uno [&hellip;]<\/p>\n","protected":false},"author":1,"featured_media":77571,"comment_status":"closed","ping_status":"open","sticky":false,"template":"","format":"standard","meta":{"footnotes":""},"categories":[170,110],"tags":[],"class_list":["post-77569","post","type-post","status-publish","format-standard","has-post-thumbnail","hentry","category-acidentes","category-noticiasdestaque"],"_links":{"self":[{"href":"https:\/\/jorgezanoni.com.br\/2019\/wp-json\/wp\/v2\/posts\/77569","targetHints":{"allow":["GET"]}}],"collection":[{"href":"https:\/\/jorgezanoni.com.br\/2019\/wp-json\/wp\/v2\/posts"}],"about":[{"href":"https:\/\/jorgezanoni.com.br\/2019\/wp-json\/wp\/v2\/types\/post"}],"author":[{"embeddable":true,"href":"https:\/\/jorgezanoni.com.br\/2019\/wp-json\/wp\/v2\/users\/1"}],"replies":[{"embeddable":true,"href":"https:\/\/jorgezanoni.com.br\/2019\/wp-json\/wp\/v2\/comments?post=77569"}],"version-history":[{"count":1,"href":"https:\/\/jorgezanoni.com.br\/2019\/wp-json\/wp\/v2\/posts\/77569\/revisions"}],"predecessor-version":[{"id":77574,"href":"https:\/\/jorgezanoni.com.br\/2019\/wp-json\/wp\/v2\/posts\/77569\/revisions\/77574"}],"wp:featuredmedia":[{"embeddable":true,"href":"https:\/\/jorgezanoni.com.br\/2019\/wp-json\/wp\/v2\/media\/77571"}],"wp:attachment":[{"href":"https:\/\/jorgezanoni.com.br\/2019\/wp-json\/wp\/v2\/media?parent=77569"}],"wp:term":[{"taxonomy":"category","embeddable":true,"href":"https:\/\/jorgezanoni.com.br\/2019\/wp-json\/wp\/v2\/categories?post=77569"},{"taxonomy":"post_tag","embeddable":true,"href":"https:\/\/jorgezanoni.com.br\/2019\/wp-json\/wp\/v2\/tags?post=77569"}],"curies":[{"name":"wp","href":"https:\/\/api.w.org\/{rel}","templated":true}]}}