{"id":7756,"date":"2019-10-02T15:42:11","date_gmt":"2019-10-02T15:42:11","guid":{"rendered":"https:\/\/jorgezanoni.com.br\/2019\/?p=7756"},"modified":"2019-10-02T15:42:11","modified_gmt":"2019-10-02T15:42:11","slug":"crianca-de-9-anos-ficou-ferida-e-levou-7-pontos-na-perna-em-brinquedo-estragado-da-praca-da-escola-ottilia-braz-nogueirol","status":"publish","type":"post","link":"https:\/\/jorgezanoni.com.br\/2019\/crianca-de-9-anos-ficou-ferida-e-levou-7-pontos-na-perna-em-brinquedo-estragado-da-praca-da-escola-ottilia-braz-nogueirol\/","title":{"rendered":"Crian\u00e7a de 9 anos ficou ferida e levou 7 pontos na perna em brinquedo estragado da Pra\u00e7a da Escola Ottilia Braz Nogueirol"},"content":{"rendered":"<p>Crian\u00e7a de 9 anos ficou ferida e levou 7 pontos na perna em brinquedo estragado da Pra\u00e7a da Escola Ottilia Braz Nogueirol. Pai falou \u00e0 reportagem do Site JZ. 02\/10\/19<\/p>\n<div id=\"fb-root\"><\/div>\n<p><script async=\"1\" defer=\"1\" crossorigin=\"anonymous\" src=\"https:\/\/connect.facebook.net\/en_US\/sdk.js#xfbml=1&amp;version=v4.0\"><\/script><\/p>\n<div class=\"fb-video\" data-href=\"https:\/\/www.facebook.com\/jorgezanonidracena\/videos\/656140424791761\/\" data-width=\"696\">\n<blockquote cite=\"https:\/\/www.facebook.com\/jorgezanonidracena\/videos\/656140424791761\/\" class=\"fb-xfbml-parse-ignore\"><p><a href=\"https:\/\/www.facebook.com\/jorgezanonidracena\/videos\/656140424791761\/\">Crian\u00e7a de 9 anos ficou ferida e levou 7 pontos na perna em brinquedo estragado da Pra\u00e7a da Escola Ottilia Braz Nogueirol. Pai falou \u00e0 reportagem do Site JZ. 02\/10\/19<\/a><\/p>\n<p>Crian\u00e7a de 9 anos ficou ferida e levou 7 pontos na perna em brinquedo estragado da Pra\u00e7a da Escola Ottilia Braz Nogueirol. Pai falou \u00e0 reportagem do Site JZ. 02\/10\/19<\/p>\n<p>Posted by <a href=\"https:\/\/www.facebook.com\/jorgezanonidracena\/\">Jorge Zanoni<\/a> on Wednesday, October 2, 2019<\/p><\/blockquote>\n<\/div>\n","protected":false},"excerpt":{"rendered":"<p>Crian\u00e7a de 9 anos ficou ferida e levou 7 pontos na perna em brinquedo estragado da Pra\u00e7a da Escola Ottilia Braz Nogueirol. Pai falou \u00e0 reportagem do Site JZ. 02\/10\/19 Crian\u00e7a de 9 anos ficou ferida e levou 7 pontos na perna em brinquedo estragado da Pra\u00e7a da Escola Ottilia Braz Nogueirol. Pai falou \u00e0 [&hellip;]<\/p>\n","protected":false},"author":1,"featured_media":7757,"comment_status":"closed","ping_status":"open","sticky":false,"template":"","format":"video","meta":{"footnotes":""},"categories":[179,184,169],"tags":[],"class_list":["post-7756","post","type-post","status-publish","format-video","has-post-thumbnail","hentry","category-cidadeseregiao","category-dracena","category-videos","post_format-post-format-video"],"_links":{"self":[{"href":"https:\/\/jorgezanoni.com.br\/2019\/wp-json\/wp\/v2\/posts\/7756","targetHints":{"allow":["GET"]}}],"collection":[{"href":"https:\/\/jorgezanoni.com.br\/2019\/wp-json\/wp\/v2\/posts"}],"about":[{"href":"https:\/\/jorgezanoni.com.br\/2019\/wp-json\/wp\/v2\/types\/post"}],"author":[{"embeddable":true,"href":"https:\/\/jorgezanoni.com.br\/2019\/wp-json\/wp\/v2\/users\/1"}],"replies":[{"embeddable":true,"href":"https:\/\/jorgezanoni.com.br\/2019\/wp-json\/wp\/v2\/comments?post=7756"}],"version-history":[{"count":0,"href":"https:\/\/jorgezanoni.com.br\/2019\/wp-json\/wp\/v2\/posts\/7756\/revisions"}],"wp:featuredmedia":[{"embeddable":true,"href":"https:\/\/jorgezanoni.com.br\/2019\/wp-json\/wp\/v2\/media\/7757"}],"wp:attachment":[{"href":"https:\/\/jorgezanoni.com.br\/2019\/wp-json\/wp\/v2\/media?parent=7756"}],"wp:term":[{"taxonomy":"category","embeddable":true,"href":"https:\/\/jorgezanoni.com.br\/2019\/wp-json\/wp\/v2\/categories?post=7756"},{"taxonomy":"post_tag","embeddable":true,"href":"https:\/\/jorgezanoni.com.br\/2019\/wp-json\/wp\/v2\/tags?post=7756"}],"curies":[{"name":"wp","href":"https:\/\/api.w.org\/{rel}","templated":true}]}}