{"id":77540,"date":"2023-06-22T23:59:04","date_gmt":"2023-06-22T23:59:04","guid":{"rendered":"https:\/\/jorgezanoni.com.br\/2019\/?p=77540"},"modified":"2023-06-22T23:59:04","modified_gmt":"2023-06-22T23:59:04","slug":"pais-superprotetores-e-as-consequencias-para-a-saude-mental-dos-filhos-por-cidinha-pascoaloto","status":"publish","type":"post","link":"https:\/\/jorgezanoni.com.br\/2019\/pais-superprotetores-e-as-consequencias-para-a-saude-mental-dos-filhos-por-cidinha-pascoaloto\/","title":{"rendered":"Pais superprotetores e as consequ\u00eancias para a sa\u00fade mental dos filhos  (por Cidinha Pascoaloto)"},"content":{"rendered":"<p style=\"text-align: justify;\">Voc\u00eas s\u00e3o pais superprotetores?<\/p>\n<p style=\"text-align: justify;\">Proteger os filhos faz parte da natureza e do instinto dos pais. Os pais superprotetores protegem para facilitar a vida dos filhos, mas n\u00e3o percebem que este comportamento pode trazer consequ\u00eancias negativas. Eles podem crescer pessoas autorit\u00e1rias e mimadas.<\/p>\n<p style=\"text-align: justify;\">\u00a0\u00a0Os pais n\u00e3o percebem que n\u00e3o est\u00e3o deixando o filho crescer. O c\u00e9rebro de uma crian\u00e7a superprotegida se desenvolve com lentid\u00e3o e pode at\u00e9 criar um bloqueio para a aprendizagem e para o desenvolvimento.<\/p>\n<p style=\"text-align: justify;\">Uma crian\u00e7a que cresce em um ambiente de superprote\u00e7\u00e3o n\u00e3o consegue desenvolver autonomia e autoconfian\u00e7a e como consequ\u00eancias n\u00e3o consegue se relacionar socialmente e pode se tornar insuport\u00e1vel com amigos e professores. Suas escolhas tamb\u00e9m ficam comprometidas, e sua autoestima n\u00e3o se desenvolve de forma saud\u00e1vel.<\/p>\n<p style=\"text-align: justify;\">Os filhos de pais superprotetores geralmente pedem para os pais as solu\u00e7\u00f5es sem tentarem desenvolver suas capacidades e compet\u00eancias. Os pais que antecipam as tarefas tiram da crian\u00e7a a autonomia e liberdade para realizar as atividades f\u00edsicas e escolares. Os pais com superprote\u00e7\u00e3o atrapalham o desenvolvimento dos filhos os deixando incapazes de avan\u00e7ar na vida com assertividade e eles n\u00e3o conseguem superar dificuldades sem o apoio dos pais ou de outras pessoas.<\/p>\n<p style=\"text-align: justify;\">\u00a0Tornam-se imaturas e podem desenvolver depress\u00e3o, ansiedade, estresses e infelicidades e ter poucos amigos. A tarefa dos pais \u00e9 de preparar os filhos para serem adultos maduros e bem resolvidos.<\/p>\n<p style=\"text-align: justify;\">As consequ\u00eancias da superprote\u00e7\u00e3o poder\u00e3o ser graves porque a crian\u00e7a n\u00e3o \u00e9 frustrada e na idade adulta ela pode at\u00e9 mesmo tentar suic\u00eddio ou homic\u00eddio quando perder um emprego ou o fim de um relacionamento.<\/p>\n<p style=\"text-align: justify;\">\u00a0As caracter\u00edsticas da superprote\u00e7\u00e3o est\u00e3o relacionadas quando os pais querem escolher o pr\u00f3prio caminho dos filhos desrespeitando a autonomia deles. Os filhos t\u00eam que chorar e se frustrar. As frustra\u00e7\u00f5es ajudam a crian\u00e7a desenvolver seu car\u00e1ter a se tornar um adulto forte e maduro para o futuro.<\/p>\n<p>A superprote\u00e7\u00e3o n\u00e3o educa e fragiliza.<\/p>\n<p><img loading=\"lazy\" decoding=\"async\" class=\"alignnone size-full wp-image-77541\" src=\"https:\/\/jorgezanoni.com.br\/2019\/wp-content\/uploads\/2023\/06\/Cidinha-Pascoaloto-3.jpg\" alt=\"\" width=\"500\" height=\"755\" srcset=\"https:\/\/jorgezanoni.com.br\/2019\/wp-content\/uploads\/2023\/06\/Cidinha-Pascoaloto-3.jpg 500w, https:\/\/jorgezanoni.com.br\/2019\/wp-content\/uploads\/2023\/06\/Cidinha-Pascoaloto-3-199x300.jpg 199w, https:\/\/jorgezanoni.com.br\/2019\/wp-content\/uploads\/2023\/06\/Cidinha-Pascoaloto-3-278x420.jpg 278w\" sizes=\"auto, (max-width: 500px) 100vw, 500px\" \/><\/p>\n<p style=\"text-align: justify;\">Cidinha Pascoaloto-Psic\u00f3loga-CRP 06\/158174. Presencial e online, contato: (18) 99725-6418<\/p>\n<p>&nbsp;<\/p>\n<p>&nbsp;<\/p>\n","protected":false},"excerpt":{"rendered":"<p>Voc\u00eas s\u00e3o pais superprotetores? Proteger os filhos faz parte da natureza e do instinto dos pais. Os pais superprotetores protegem para facilitar a vida dos filhos, mas n\u00e3o percebem que este comportamento pode trazer consequ\u00eancias negativas. Eles podem crescer pessoas autorit\u00e1rias e mimadas. \u00a0\u00a0Os pais n\u00e3o percebem que n\u00e3o est\u00e3o deixando o filho crescer. O [&hellip;]<\/p>\n","protected":false},"author":1,"featured_media":77542,"comment_status":"closed","ping_status":"open","sticky":false,"template":"","format":"standard","meta":{"footnotes":""},"categories":[175],"tags":[],"class_list":["post-77540","post","type-post","status-publish","format-standard","has-post-thumbnail","hentry","category-artigos"],"_links":{"self":[{"href":"https:\/\/jorgezanoni.com.br\/2019\/wp-json\/wp\/v2\/posts\/77540","targetHints":{"allow":["GET"]}}],"collection":[{"href":"https:\/\/jorgezanoni.com.br\/2019\/wp-json\/wp\/v2\/posts"}],"about":[{"href":"https:\/\/jorgezanoni.com.br\/2019\/wp-json\/wp\/v2\/types\/post"}],"author":[{"embeddable":true,"href":"https:\/\/jorgezanoni.com.br\/2019\/wp-json\/wp\/v2\/users\/1"}],"replies":[{"embeddable":true,"href":"https:\/\/jorgezanoni.com.br\/2019\/wp-json\/wp\/v2\/comments?post=77540"}],"version-history":[{"count":1,"href":"https:\/\/jorgezanoni.com.br\/2019\/wp-json\/wp\/v2\/posts\/77540\/revisions"}],"predecessor-version":[{"id":77543,"href":"https:\/\/jorgezanoni.com.br\/2019\/wp-json\/wp\/v2\/posts\/77540\/revisions\/77543"}],"wp:featuredmedia":[{"embeddable":true,"href":"https:\/\/jorgezanoni.com.br\/2019\/wp-json\/wp\/v2\/media\/77542"}],"wp:attachment":[{"href":"https:\/\/jorgezanoni.com.br\/2019\/wp-json\/wp\/v2\/media?parent=77540"}],"wp:term":[{"taxonomy":"category","embeddable":true,"href":"https:\/\/jorgezanoni.com.br\/2019\/wp-json\/wp\/v2\/categories?post=77540"},{"taxonomy":"post_tag","embeddable":true,"href":"https:\/\/jorgezanoni.com.br\/2019\/wp-json\/wp\/v2\/tags?post=77540"}],"curies":[{"name":"wp","href":"https:\/\/api.w.org\/{rel}","templated":true}]}}