{"id":77529,"date":"2023-06-22T18:22:19","date_gmt":"2023-06-22T18:22:19","guid":{"rendered":"https:\/\/jorgezanoni.com.br\/2019\/?p=77529"},"modified":"2023-06-22T18:22:19","modified_gmt":"2023-06-22T18:22:19","slug":"acidente-no-centro-de-dracena-deixa-mulher-ferida-motorista-de-veiculo-fugiu-sem-prestar-socorro","status":"publish","type":"post","link":"https:\/\/jorgezanoni.com.br\/2019\/acidente-no-centro-de-dracena-deixa-mulher-ferida-motorista-de-veiculo-fugiu-sem-prestar-socorro\/","title":{"rendered":"Acidente no centro de Dracena deixa mulher ferida, motorista de ve\u00edculo fugiu sem prestar socorro"},"content":{"rendered":"<p style=\"text-align: justify;\"><strong>Acidente foi registrado por volta de 11:35 Horas na Avenida Presidente Roosevelt, ao lado da Pra\u00e7a Arthur Pagnozzi.<\/strong><\/p>\n<p style=\"text-align: justify;\">Segundo informa\u00e7oes obtidas no local pela reportagem do SITE JZ e TOP TV, ve\u00edculos faziam o sentido \u00fanico da Avenida Presidente Roosevelt, quando o primeiro parou para pedestre atravessar a faixa, o segundo parou bruscamente para n\u00e3o bater no primeiro, e uma moto que vinha atr\u00e1s pilotada por uma mulher de 28 anos, bateu na traseira.<\/p>\n<p style=\"text-align: justify;\">A mulher caiu ao solo e a moto teves danos materiais, por\u00e9m o motorista de um ve\u00edculo Gol, que foi atingido, deixou o local rapidamente sem prestar socorro.<\/p>\n<p style=\"text-align: justify;\">A condutora da moto foi levada por uma Unidade de Resgate at\u00e9 o Pronto Atendimento Municipal com escoria\u00e7\u00f5es e se queixava de dor em uma das pernas.<\/p>\n<p style=\"text-align: justify;\">As Pol\u00edcias Militar e T\u00e9cnica compareceram ao local para os levantamentos necessarios. O tr\u00e2nsito ficou prejudicado por alguns minutos at\u00e9 o socorro da v\u00edtima.<\/p>\n<p style=\"text-align: justify;\"><img loading=\"lazy\" decoding=\"async\" class=\"alignnone size-full wp-image-77530\" src=\"https:\/\/jorgezanoni.com.br\/2019\/wp-content\/uploads\/2023\/06\/IMG_6528-Pequeno.jpg\" alt=\"\" width=\"640\" height=\"480\" srcset=\"https:\/\/jorgezanoni.com.br\/2019\/wp-content\/uploads\/2023\/06\/IMG_6528-Pequeno.jpg 640w, https:\/\/jorgezanoni.com.br\/2019\/wp-content\/uploads\/2023\/06\/IMG_6528-Pequeno-300x225.jpg 300w, https:\/\/jorgezanoni.com.br\/2019\/wp-content\/uploads\/2023\/06\/IMG_6528-Pequeno-80x60.jpg 80w, https:\/\/jorgezanoni.com.br\/2019\/wp-content\/uploads\/2023\/06\/IMG_6528-Pequeno-265x198.jpg 265w, https:\/\/jorgezanoni.com.br\/2019\/wp-content\/uploads\/2023\/06\/IMG_6528-Pequeno-560x420.jpg 560w\" sizes=\"auto, (max-width: 640px) 100vw, 640px\" \/> <img loading=\"lazy\" decoding=\"async\" class=\"alignnone size-full wp-image-77532\" src=\"https:\/\/jorgezanoni.com.br\/2019\/wp-content\/uploads\/2023\/06\/IMG_6531-2-Pequeno.jpg\" alt=\"\" width=\"728\" height=\"480\" srcset=\"https:\/\/jorgezanoni.com.br\/2019\/wp-content\/uploads\/2023\/06\/IMG_6531-2-Pequeno.jpg 728w, https:\/\/jorgezanoni.com.br\/2019\/wp-content\/uploads\/2023\/06\/IMG_6531-2-Pequeno-300x198.jpg 300w, https:\/\/jorgezanoni.com.br\/2019\/wp-content\/uploads\/2023\/06\/IMG_6531-2-Pequeno-696x459.jpg 696w, https:\/\/jorgezanoni.com.br\/2019\/wp-content\/uploads\/2023\/06\/IMG_6531-2-Pequeno-637x420.jpg 637w\" sizes=\"auto, (max-width: 728px) 100vw, 728px\" \/><\/p>\n<p style=\"text-align: justify;\">Jorge Zanoni<\/p>\n","protected":false},"excerpt":{"rendered":"<p>Acidente foi registrado por volta de 11:35 Horas na Avenida Presidente Roosevelt, ao lado da Pra\u00e7a Arthur Pagnozzi. Segundo informa\u00e7oes obtidas no local pela reportagem do SITE JZ e TOP TV, ve\u00edculos faziam o sentido \u00fanico da Avenida Presidente Roosevelt, quando o primeiro parou para pedestre atravessar a faixa, o segundo parou bruscamente para n\u00e3o [&hellip;]<\/p>\n","protected":false},"author":1,"featured_media":77531,"comment_status":"closed","ping_status":"open","sticky":false,"template":"","format":"standard","meta":{"footnotes":""},"categories":[170,110],"tags":[],"class_list":["post-77529","post","type-post","status-publish","format-standard","has-post-thumbnail","hentry","category-acidentes","category-noticiasdestaque"],"_links":{"self":[{"href":"https:\/\/jorgezanoni.com.br\/2019\/wp-json\/wp\/v2\/posts\/77529","targetHints":{"allow":["GET"]}}],"collection":[{"href":"https:\/\/jorgezanoni.com.br\/2019\/wp-json\/wp\/v2\/posts"}],"about":[{"href":"https:\/\/jorgezanoni.com.br\/2019\/wp-json\/wp\/v2\/types\/post"}],"author":[{"embeddable":true,"href":"https:\/\/jorgezanoni.com.br\/2019\/wp-json\/wp\/v2\/users\/1"}],"replies":[{"embeddable":true,"href":"https:\/\/jorgezanoni.com.br\/2019\/wp-json\/wp\/v2\/comments?post=77529"}],"version-history":[{"count":1,"href":"https:\/\/jorgezanoni.com.br\/2019\/wp-json\/wp\/v2\/posts\/77529\/revisions"}],"predecessor-version":[{"id":77533,"href":"https:\/\/jorgezanoni.com.br\/2019\/wp-json\/wp\/v2\/posts\/77529\/revisions\/77533"}],"wp:featuredmedia":[{"embeddable":true,"href":"https:\/\/jorgezanoni.com.br\/2019\/wp-json\/wp\/v2\/media\/77531"}],"wp:attachment":[{"href":"https:\/\/jorgezanoni.com.br\/2019\/wp-json\/wp\/v2\/media?parent=77529"}],"wp:term":[{"taxonomy":"category","embeddable":true,"href":"https:\/\/jorgezanoni.com.br\/2019\/wp-json\/wp\/v2\/categories?post=77529"},{"taxonomy":"post_tag","embeddable":true,"href":"https:\/\/jorgezanoni.com.br\/2019\/wp-json\/wp\/v2\/tags?post=77529"}],"curies":[{"name":"wp","href":"https:\/\/api.w.org\/{rel}","templated":true}]}}