{"id":77526,"date":"2023-06-22T18:03:33","date_gmt":"2023-06-22T18:03:33","guid":{"rendered":"https:\/\/jorgezanoni.com.br\/2019\/?p=77526"},"modified":"2023-06-22T22:07:28","modified_gmt":"2023-06-22T22:07:28","slug":"motociclista-e-flagrado-por-bombeiros-empinando-moto-e-acaba-autuado","status":"publish","type":"post","link":"https:\/\/jorgezanoni.com.br\/2019\/motociclista-e-flagrado-por-bombeiros-empinando-moto-e-acaba-autuado\/","title":{"rendered":"Motociclista \u00e9 flagrado por Bombeiros empinando moto e acaba autuado"},"content":{"rendered":"<p style=\"text-align: justify;\"><strong>Por vola de 11:20 Horas desta quinta-feira (22), em hor\u00e1rio de grande movimento no tr\u00e2nsito, dois motociclistas pilotavam de maneira perigosa pela regi\u00e3o central de Dracena, pois empinavam as respectivas motos.\u00a0<\/strong><\/p>\n<p style=\"text-align: justify;\">Uma viatura do Corpo de Bombeiros os acompanhou e acabou abordando um deles na esquina da Avenida Presidente Vargas com Rua Ipiranga, esquina do AME, o outro fugiu, mas certamente o &#8220;colega&#8221; o entregou.<\/p>\n<p style=\"text-align: justify;\">Foi solicitado pelos Bombeiros a presen\u00e7a da Pol\u00edcia Militar que acabou aplicando diversas multas ao propriet\u00e1rio da Motocicleta. Uma das multas foi por tamb\u00e9m estar com o escapamento aberto.<\/p>\n<p style=\"text-align: justify;\">Ali\u00e1s motos com escapamento aberto est\u00e1 sem limites em Dracena, e alguma provid\u00eancia precisa ser tomada, pois ningu\u00e9m \u00e9 obrigado a conviver com esse barulho que \u00e9 proibido por lei.<\/p>\n<p style=\"text-align: justify;\">Jorge Zanoni<\/p>\n<p>&nbsp;<\/p>\n","protected":false},"excerpt":{"rendered":"<p>Por vola de 11:20 Horas desta quinta-feira (22), em hor\u00e1rio de grande movimento no tr\u00e2nsito, dois motociclistas pilotavam de maneira perigosa pela regi\u00e3o central de Dracena, pois empinavam as respectivas motos.\u00a0 Uma viatura do Corpo de Bombeiros os acompanhou e acabou abordando um deles na esquina da Avenida Presidente Vargas com Rua Ipiranga, esquina do [&hellip;]<\/p>\n","protected":false},"author":1,"featured_media":77527,"comment_status":"closed","ping_status":"open","sticky":false,"template":"","format":"standard","meta":{"footnotes":""},"categories":[110,2],"tags":[],"class_list":["post-77526","post","type-post","status-publish","format-standard","has-post-thumbnail","hentry","category-noticiasdestaque","category-policial"],"_links":{"self":[{"href":"https:\/\/jorgezanoni.com.br\/2019\/wp-json\/wp\/v2\/posts\/77526","targetHints":{"allow":["GET"]}}],"collection":[{"href":"https:\/\/jorgezanoni.com.br\/2019\/wp-json\/wp\/v2\/posts"}],"about":[{"href":"https:\/\/jorgezanoni.com.br\/2019\/wp-json\/wp\/v2\/types\/post"}],"author":[{"embeddable":true,"href":"https:\/\/jorgezanoni.com.br\/2019\/wp-json\/wp\/v2\/users\/1"}],"replies":[{"embeddable":true,"href":"https:\/\/jorgezanoni.com.br\/2019\/wp-json\/wp\/v2\/comments?post=77526"}],"version-history":[{"count":3,"href":"https:\/\/jorgezanoni.com.br\/2019\/wp-json\/wp\/v2\/posts\/77526\/revisions"}],"predecessor-version":[{"id":77539,"href":"https:\/\/jorgezanoni.com.br\/2019\/wp-json\/wp\/v2\/posts\/77526\/revisions\/77539"}],"wp:featuredmedia":[{"embeddable":true,"href":"https:\/\/jorgezanoni.com.br\/2019\/wp-json\/wp\/v2\/media\/77527"}],"wp:attachment":[{"href":"https:\/\/jorgezanoni.com.br\/2019\/wp-json\/wp\/v2\/media?parent=77526"}],"wp:term":[{"taxonomy":"category","embeddable":true,"href":"https:\/\/jorgezanoni.com.br\/2019\/wp-json\/wp\/v2\/categories?post=77526"},{"taxonomy":"post_tag","embeddable":true,"href":"https:\/\/jorgezanoni.com.br\/2019\/wp-json\/wp\/v2\/tags?post=77526"}],"curies":[{"name":"wp","href":"https:\/\/api.w.org\/{rel}","templated":true}]}}