{"id":77503,"date":"2023-06-21T21:56:19","date_gmt":"2023-06-21T21:56:19","guid":{"rendered":"https:\/\/jorgezanoni.com.br\/2019\/?p=77503"},"modified":"2023-06-21T21:56:19","modified_gmt":"2023-06-21T21:56:19","slug":"academicos-de-psicologia-da-unifadra-desenvolvem-atividade-voltada-para-educadores","status":"publish","type":"post","link":"https:\/\/jorgezanoni.com.br\/2019\/academicos-de-psicologia-da-unifadra-desenvolvem-atividade-voltada-para-educadores\/","title":{"rendered":"Acad\u00eamicos de Psicologia da Unifadra desenvolvem atividade voltada para educadores"},"content":{"rendered":"<p style=\"text-align: justify;\"><span style=\"font-size: large;\">Durante o 1\u00ba semestre deste ano, o 1\u00ba termo do curso de Psicologia da Unifadra Dracena realizou um projeto de extens\u00e3o curricular sobre o desenvolvimento cognitivo segundo a teoria de Jean Piaget, que foi orientado para educadores.<\/span><\/p>\n<p><span style=\"font-size: large;\">A atividade comp\u00f4s parte da carga hor\u00e1ria das disciplinas &#8220;Psicologia do Desenvolvimento: crian\u00e7a e adolescente&#8221; e &#8220;Psicologia, Ci\u00eancia e Profiss\u00e3o&#8221; sob a orienta\u00e7\u00e3o do Prof. Esp. Eduardo Antoniassi Oliveira e da Profa. Ma. Paloma E. Fava Felix.<\/span><\/p>\n<p><span style=\"font-size: large;\">O projeto oportunizou aos acad\u00eamicos um campo para orienta\u00e7\u00e3o de educadores, visando a um melhor aproveitamento e desenvolvimento do potencial humano fundamentado no conhecimento psicol\u00f3gico. A atividade foi presencial e os estudantes tamb\u00e9m elaboraram um v\u00eddeo de apoio com as diferentes fases do desenvolvimento propostas pelo autor estudado.<\/span><\/p>\n<p><span style=\"font-size: large;\">O material foi direcionado para os educadores das escolas do ensino fundamental e m\u00e9dio com intuito de contribuir como parte das atividades de planejamento e de elabora\u00e7\u00e3o pedag\u00f3gica, mas tamb\u00e9m poder ser \u00fatil como fonte de informa\u00e7\u00e3o para as fam\u00edlias, e est\u00e1 dispon\u00edvel no canal oficial da Fundec, mantenedora da Unifadra, em:\u00a0<a href=\"https:\/\/youtu.be\/sbMlWX3ggPE\" target=\"_blank\" rel=\"noopener noreferrer\">https:\/\/youtu.be\/sbMlWX3ggPE<\/a>\u00a0.<\/span><\/p>\n<p><span style=\"font-size: large;\">Segundo os docentes orientadores, a atividade promoveu a articula\u00e7\u00e3o te\u00f3rico-pr\u00e1tica para os ingressantes no curso de Psicologia e seus resultados qualitativos colaboraram com a constru\u00e7\u00e3o de conhecimentos de Psicologia \u00fateis na consecu\u00e7\u00e3o cr\u00edtica e reflexiva para a atua\u00e7\u00e3o dos educadores.<\/span><\/p>\n<p><span style=\"font-size: large;\">A coordenadora do curso,\u00a0<\/span>Profa<span style=\"font-size: large;\">. Ma. Andr\u00e9a Frizo, parabeniza os professores e os estudantes pela realiza\u00e7\u00e3o do projeto e afirma que a curriculariza\u00e7\u00e3o da extens\u00e3o desde o in\u00edcio do curso favorece o desenvolvimento de pr\u00e1ticas que fortalecem a forma\u00e7\u00e3o do acad\u00eamico, assim como o retorno dos conhecimentos produzidos no ensino superior para a comunidade.<\/span><\/p>\n<p>Fonte: Depto. de Comunica\u00e7\u00e3o da Fundec<\/p>\n","protected":false},"excerpt":{"rendered":"<p>Durante o 1\u00ba semestre deste ano, o 1\u00ba termo do curso de Psicologia da Unifadra Dracena realizou um projeto de extens\u00e3o curricular sobre o desenvolvimento cognitivo segundo a teoria de Jean Piaget, que foi orientado para educadores. A atividade comp\u00f4s parte da carga hor\u00e1ria das disciplinas &#8220;Psicologia do Desenvolvimento: crian\u00e7a e adolescente&#8221; e &#8220;Psicologia, Ci\u00eancia [&hellip;]<\/p>\n","protected":false},"author":1,"featured_media":77504,"comment_status":"closed","ping_status":"open","sticky":false,"template":"","format":"standard","meta":{"footnotes":""},"categories":[110,122],"tags":[],"class_list":["post-77503","post","type-post","status-publish","format-standard","has-post-thumbnail","hentry","category-noticiasdestaque","category-saudeeducacaoeconcurso"],"_links":{"self":[{"href":"https:\/\/jorgezanoni.com.br\/2019\/wp-json\/wp\/v2\/posts\/77503","targetHints":{"allow":["GET"]}}],"collection":[{"href":"https:\/\/jorgezanoni.com.br\/2019\/wp-json\/wp\/v2\/posts"}],"about":[{"href":"https:\/\/jorgezanoni.com.br\/2019\/wp-json\/wp\/v2\/types\/post"}],"author":[{"embeddable":true,"href":"https:\/\/jorgezanoni.com.br\/2019\/wp-json\/wp\/v2\/users\/1"}],"replies":[{"embeddable":true,"href":"https:\/\/jorgezanoni.com.br\/2019\/wp-json\/wp\/v2\/comments?post=77503"}],"version-history":[{"count":1,"href":"https:\/\/jorgezanoni.com.br\/2019\/wp-json\/wp\/v2\/posts\/77503\/revisions"}],"predecessor-version":[{"id":77505,"href":"https:\/\/jorgezanoni.com.br\/2019\/wp-json\/wp\/v2\/posts\/77503\/revisions\/77505"}],"wp:featuredmedia":[{"embeddable":true,"href":"https:\/\/jorgezanoni.com.br\/2019\/wp-json\/wp\/v2\/media\/77504"}],"wp:attachment":[{"href":"https:\/\/jorgezanoni.com.br\/2019\/wp-json\/wp\/v2\/media?parent=77503"}],"wp:term":[{"taxonomy":"category","embeddable":true,"href":"https:\/\/jorgezanoni.com.br\/2019\/wp-json\/wp\/v2\/categories?post=77503"},{"taxonomy":"post_tag","embeddable":true,"href":"https:\/\/jorgezanoni.com.br\/2019\/wp-json\/wp\/v2\/tags?post=77503"}],"curies":[{"name":"wp","href":"https:\/\/api.w.org\/{rel}","templated":true}]}}