{"id":77500,"date":"2023-06-21T21:50:12","date_gmt":"2023-06-21T21:50:12","guid":{"rendered":"https:\/\/jorgezanoni.com.br\/2019\/?p=77500"},"modified":"2023-06-21T21:50:12","modified_gmt":"2023-06-21T21:50:12","slug":"cep-ume-participa-de-acao-da-secretaria-municipal-de-saude","status":"publish","type":"post","link":"https:\/\/jorgezanoni.com.br\/2019\/cep-ume-participa-de-acao-da-secretaria-municipal-de-saude\/","title":{"rendered":"CEP\/UME participa de a\u00e7\u00e3o da Secretaria Municipal de Sa\u00fade"},"content":{"rendered":"<div style=\"text-align: justify;\"><span style=\"font-size: large;\">A equipe do CEP\/UME de Dracena esteve na Pra\u00e7a Arthur Pagnozzi no \u00faltimo s\u00e1bado, dia 17, colaborando com a vacina\u00e7\u00e3o de preven\u00e7\u00e3o \u00e0 gripe, realizada pela Secretaria Municipal de Sa\u00fade.<\/p>\n<p>Orientados pelas professoras Jacqueline Maria de Souza e Aline Dias Pereira Herreira, os alunos do curso T\u00e9cnico em Enfermagem aplicaram 193 doses de vacina contra gripe, al\u00e9m de aferir a press\u00e3o arterial em quem circulava pelo com\u00e9rcio da cidade.<\/p>\n<p>Na ocasi\u00e3o, o CEP\/UME tamb\u00e9m fez a divulga\u00e7\u00e3o dos cursos T\u00e9cnico em Radiologia e T\u00e9cnico em Est\u00e9tica, que est\u00e3o com matr\u00edculas abertas at\u00e9 o dia 21\/07 e oferecem 10% de desconto nas mensalidades, al\u00e9m do Col\u00e9gio Maxi, que abriu reserva de vagas para o Ensino M\u00e9dio Integrado a Jogos Digitais para a turma 2024. INFORMA\u00c7\u00d5ES: (18) 3821-9004.<\/p>\n<p>As atividades foram acompanhadas pela diretora do CEP\/UME C\u00e1tia Cilene Afonso e pela coordenadora de Radiologia Elaine Samara Gon\u00e7alves da Cruz.<\/span><\/div>\n<div><\/div>\n<div>Fonte: Depto. de Comunica\u00e7\u00e3o da Fundec<\/div>\n","protected":false},"excerpt":{"rendered":"<p>A equipe do CEP\/UME de Dracena esteve na Pra\u00e7a Arthur Pagnozzi no \u00faltimo s\u00e1bado, dia 17, colaborando com a vacina\u00e7\u00e3o de preven\u00e7\u00e3o \u00e0 gripe, realizada pela Secretaria Municipal de Sa\u00fade. Orientados pelas professoras Jacqueline Maria de Souza e Aline Dias Pereira Herreira, os alunos do curso T\u00e9cnico em Enfermagem aplicaram 193 doses de vacina contra [&hellip;]<\/p>\n","protected":false},"author":1,"featured_media":77501,"comment_status":"closed","ping_status":"open","sticky":false,"template":"","format":"standard","meta":{"footnotes":""},"categories":[110,122],"tags":[],"class_list":["post-77500","post","type-post","status-publish","format-standard","has-post-thumbnail","hentry","category-noticiasdestaque","category-saudeeducacaoeconcurso"],"_links":{"self":[{"href":"https:\/\/jorgezanoni.com.br\/2019\/wp-json\/wp\/v2\/posts\/77500","targetHints":{"allow":["GET"]}}],"collection":[{"href":"https:\/\/jorgezanoni.com.br\/2019\/wp-json\/wp\/v2\/posts"}],"about":[{"href":"https:\/\/jorgezanoni.com.br\/2019\/wp-json\/wp\/v2\/types\/post"}],"author":[{"embeddable":true,"href":"https:\/\/jorgezanoni.com.br\/2019\/wp-json\/wp\/v2\/users\/1"}],"replies":[{"embeddable":true,"href":"https:\/\/jorgezanoni.com.br\/2019\/wp-json\/wp\/v2\/comments?post=77500"}],"version-history":[{"count":1,"href":"https:\/\/jorgezanoni.com.br\/2019\/wp-json\/wp\/v2\/posts\/77500\/revisions"}],"predecessor-version":[{"id":77502,"href":"https:\/\/jorgezanoni.com.br\/2019\/wp-json\/wp\/v2\/posts\/77500\/revisions\/77502"}],"wp:featuredmedia":[{"embeddable":true,"href":"https:\/\/jorgezanoni.com.br\/2019\/wp-json\/wp\/v2\/media\/77501"}],"wp:attachment":[{"href":"https:\/\/jorgezanoni.com.br\/2019\/wp-json\/wp\/v2\/media?parent=77500"}],"wp:term":[{"taxonomy":"category","embeddable":true,"href":"https:\/\/jorgezanoni.com.br\/2019\/wp-json\/wp\/v2\/categories?post=77500"},{"taxonomy":"post_tag","embeddable":true,"href":"https:\/\/jorgezanoni.com.br\/2019\/wp-json\/wp\/v2\/tags?post=77500"}],"curies":[{"name":"wp","href":"https:\/\/api.w.org\/{rel}","templated":true}]}}