{"id":77481,"date":"2023-06-21T00:52:38","date_gmt":"2023-06-21T00:52:38","guid":{"rendered":"https:\/\/jorgezanoni.com.br\/2019\/?p=77481"},"modified":"2023-06-21T00:52:38","modified_gmt":"2023-06-21T00:52:38","slug":"policia-civil-realiza-palestra-em-comunidade-terapeutica-que-cuida-de-reabilitacao-e-tratamento-de-dependentes-quimicos-em-dracena","status":"publish","type":"post","link":"https:\/\/jorgezanoni.com.br\/2019\/policia-civil-realiza-palestra-em-comunidade-terapeutica-que-cuida-de-reabilitacao-e-tratamento-de-dependentes-quimicos-em-dracena\/","title":{"rendered":"Pol\u00edcia Civil realiza palestra em comunidade terap\u00eautica que cuida de reabilita\u00e7\u00e3o e tratamento de dependentes qu\u00edmicos em Dracena."},"content":{"rendered":"<p style=\"text-align: justify;\">A Pol\u00edcia Civil, por interm\u00e9dio da Delegacia Seccional de Pol\u00edcia de Dracena, realizou nesta ter\u00e7a-feira (20), palestra sobre preven\u00e7\u00e3o ao uso nocivo de drogas na Comunidade Terap\u00eautica Pousada Bom Samaritano, em Dracena (SP). O evento voltado para dependentes qu\u00edmicos em recupera\u00e7\u00e3o, \u00e9 mais uma a\u00e7\u00e3o da Pol\u00edcia Civil para marcar a semana de comemora\u00e7\u00e3o do Dia Internacional de Luta contra o Tr\u00e1fico e o Uso de Drogas (26 de junho).<br \/>\nAo todo, 27 assistidos da Pousada Bom Samaritano, participaram da a\u00e7\u00e3o prevencionista. A palestra foi ministrada pelo agente policial Reginaldo Rosa, que discorreu sobre as drogas l\u00edcitas e il\u00edcitas, os principais motivos pelos quais as pessoas optam pelo uso dos entorpecentes; o agente ainda salientou, que nem todo usu\u00e1rio se torna um adicto cr\u00f4nico de drogas, mas que todo dependente qu\u00edmico j\u00e1 foi um dia um simples experimentador; iniciando a drogadi\u00e7\u00e3o, muitas das vezes por curiosidade.<br \/>\nA Comunidade Terap\u00eautica Bom Samaritano \u00e9 uma entidade, sem fins lucrativos, sob a coordena\u00e7\u00e3o da Congrega\u00e7\u00e3o da Pequena Obra da Divina Provid\u00eancia (Orionitas), que presta acolhimento e recupera\u00e7\u00e3o de pessoas dependentes qu\u00edmicos de subst\u00e2ncias psicoativas.<br \/>\nA idealiza\u00e7\u00e3o da palestra foi da assistente social Elda Let\u00edcia Seabra Gaiotti. Que ao final evento, representando a comunidade terap\u00eautica, agradeceu ao importante conte\u00fado ministrado e as orienta\u00e7\u00f5es passadas pela Policia Civil.<\/p>\n<p><img loading=\"lazy\" decoding=\"async\" class=\"alignnone size-full wp-image-77483\" src=\"https:\/\/jorgezanoni.com.br\/2019\/wp-content\/uploads\/2023\/06\/tera1-Pequeno.jpg\" alt=\"\" width=\"640\" height=\"480\" srcset=\"https:\/\/jorgezanoni.com.br\/2019\/wp-content\/uploads\/2023\/06\/tera1-Pequeno.jpg 640w, https:\/\/jorgezanoni.com.br\/2019\/wp-content\/uploads\/2023\/06\/tera1-Pequeno-300x225.jpg 300w, https:\/\/jorgezanoni.com.br\/2019\/wp-content\/uploads\/2023\/06\/tera1-Pequeno-80x60.jpg 80w, https:\/\/jorgezanoni.com.br\/2019\/wp-content\/uploads\/2023\/06\/tera1-Pequeno-265x198.jpg 265w, https:\/\/jorgezanoni.com.br\/2019\/wp-content\/uploads\/2023\/06\/tera1-Pequeno-560x420.jpg 560w\" sizes=\"auto, (max-width: 640px) 100vw, 640px\" \/> <img loading=\"lazy\" decoding=\"async\" class=\"alignnone size-full wp-image-77484\" src=\"https:\/\/jorgezanoni.com.br\/2019\/wp-content\/uploads\/2023\/06\/tera2-Pequeno.jpg\" alt=\"\" width=\"640\" height=\"480\" srcset=\"https:\/\/jorgezanoni.com.br\/2019\/wp-content\/uploads\/2023\/06\/tera2-Pequeno.jpg 640w, https:\/\/jorgezanoni.com.br\/2019\/wp-content\/uploads\/2023\/06\/tera2-Pequeno-300x225.jpg 300w, https:\/\/jorgezanoni.com.br\/2019\/wp-content\/uploads\/2023\/06\/tera2-Pequeno-80x60.jpg 80w, https:\/\/jorgezanoni.com.br\/2019\/wp-content\/uploads\/2023\/06\/tera2-Pequeno-265x198.jpg 265w, https:\/\/jorgezanoni.com.br\/2019\/wp-content\/uploads\/2023\/06\/tera2-Pequeno-560x420.jpg 560w\" sizes=\"auto, (max-width: 640px) 100vw, 640px\" \/> <img loading=\"lazy\" decoding=\"async\" class=\"alignnone size-full wp-image-77485\" src=\"https:\/\/jorgezanoni.com.br\/2019\/wp-content\/uploads\/2023\/06\/tera3-Pequeno.jpg\" alt=\"\" width=\"640\" height=\"480\" srcset=\"https:\/\/jorgezanoni.com.br\/2019\/wp-content\/uploads\/2023\/06\/tera3-Pequeno.jpg 640w, https:\/\/jorgezanoni.com.br\/2019\/wp-content\/uploads\/2023\/06\/tera3-Pequeno-300x225.jpg 300w, https:\/\/jorgezanoni.com.br\/2019\/wp-content\/uploads\/2023\/06\/tera3-Pequeno-80x60.jpg 80w, https:\/\/jorgezanoni.com.br\/2019\/wp-content\/uploads\/2023\/06\/tera3-Pequeno-265x198.jpg 265w, https:\/\/jorgezanoni.com.br\/2019\/wp-content\/uploads\/2023\/06\/tera3-Pequeno-560x420.jpg 560w\" sizes=\"auto, (max-width: 640px) 100vw, 640px\" \/> <img loading=\"lazy\" decoding=\"async\" class=\"alignnone size-full wp-image-77486\" src=\"https:\/\/jorgezanoni.com.br\/2019\/wp-content\/uploads\/2023\/06\/tera4-Pequeno.jpg\" alt=\"\" width=\"640\" height=\"480\" srcset=\"https:\/\/jorgezanoni.com.br\/2019\/wp-content\/uploads\/2023\/06\/tera4-Pequeno.jpg 640w, https:\/\/jorgezanoni.com.br\/2019\/wp-content\/uploads\/2023\/06\/tera4-Pequeno-300x225.jpg 300w, https:\/\/jorgezanoni.com.br\/2019\/wp-content\/uploads\/2023\/06\/tera4-Pequeno-80x60.jpg 80w, https:\/\/jorgezanoni.com.br\/2019\/wp-content\/uploads\/2023\/06\/tera4-Pequeno-265x198.jpg 265w, https:\/\/jorgezanoni.com.br\/2019\/wp-content\/uploads\/2023\/06\/tera4-Pequeno-560x420.jpg 560w\" sizes=\"auto, (max-width: 640px) 100vw, 640px\" \/><\/p>\n<p style=\"text-align: justify;\">Fonte: Com. Social Pol\u00edcia Civil<\/p>\n","protected":false},"excerpt":{"rendered":"<p>A Pol\u00edcia Civil, por interm\u00e9dio da Delegacia Seccional de Pol\u00edcia de Dracena, realizou nesta ter\u00e7a-feira (20), palestra sobre preven\u00e7\u00e3o ao uso nocivo de drogas na Comunidade Terap\u00eautica Pousada Bom Samaritano, em Dracena (SP). O evento voltado para dependentes qu\u00edmicos em recupera\u00e7\u00e3o, \u00e9 mais uma a\u00e7\u00e3o da Pol\u00edcia Civil para marcar a semana de comemora\u00e7\u00e3o do [&hellip;]<\/p>\n","protected":false},"author":1,"featured_media":77482,"comment_status":"closed","ping_status":"open","sticky":false,"template":"","format":"standard","meta":{"footnotes":""},"categories":[110,2],"tags":[],"class_list":["post-77481","post","type-post","status-publish","format-standard","has-post-thumbnail","hentry","category-noticiasdestaque","category-policial"],"_links":{"self":[{"href":"https:\/\/jorgezanoni.com.br\/2019\/wp-json\/wp\/v2\/posts\/77481","targetHints":{"allow":["GET"]}}],"collection":[{"href":"https:\/\/jorgezanoni.com.br\/2019\/wp-json\/wp\/v2\/posts"}],"about":[{"href":"https:\/\/jorgezanoni.com.br\/2019\/wp-json\/wp\/v2\/types\/post"}],"author":[{"embeddable":true,"href":"https:\/\/jorgezanoni.com.br\/2019\/wp-json\/wp\/v2\/users\/1"}],"replies":[{"embeddable":true,"href":"https:\/\/jorgezanoni.com.br\/2019\/wp-json\/wp\/v2\/comments?post=77481"}],"version-history":[{"count":1,"href":"https:\/\/jorgezanoni.com.br\/2019\/wp-json\/wp\/v2\/posts\/77481\/revisions"}],"predecessor-version":[{"id":77487,"href":"https:\/\/jorgezanoni.com.br\/2019\/wp-json\/wp\/v2\/posts\/77481\/revisions\/77487"}],"wp:featuredmedia":[{"embeddable":true,"href":"https:\/\/jorgezanoni.com.br\/2019\/wp-json\/wp\/v2\/media\/77482"}],"wp:attachment":[{"href":"https:\/\/jorgezanoni.com.br\/2019\/wp-json\/wp\/v2\/media?parent=77481"}],"wp:term":[{"taxonomy":"category","embeddable":true,"href":"https:\/\/jorgezanoni.com.br\/2019\/wp-json\/wp\/v2\/categories?post=77481"},{"taxonomy":"post_tag","embeddable":true,"href":"https:\/\/jorgezanoni.com.br\/2019\/wp-json\/wp\/v2\/tags?post=77481"}],"curies":[{"name":"wp","href":"https:\/\/api.w.org\/{rel}","templated":true}]}}