{"id":77468,"date":"2023-06-21T00:30:02","date_gmt":"2023-06-21T00:30:02","guid":{"rendered":"https:\/\/jorgezanoni.com.br\/2019\/?p=77468"},"modified":"2023-06-21T00:30:02","modified_gmt":"2023-06-21T00:30:02","slug":"proerd-faz-30-anos-e-sao-iniciadas-as-formaturas-da-area-do-25o-bpm-i","status":"publish","type":"post","link":"https:\/\/jorgezanoni.com.br\/2019\/proerd-faz-30-anos-e-sao-iniciadas-as-formaturas-da-area-do-25o-bpm-i\/","title":{"rendered":"PROERD faz 30 anos e s\u00e3o iniciadas as formaturas da \u00e1rea do 25\u00ba BPM\/I"},"content":{"rendered":"<p style=\"text-align: justify;\">ESTAMOS EM FESTA !<\/p>\n<p style=\"text-align: justify;\">PROERD \u2013 PROGRAMA EDUCACIONAL DE RESISTENCIA AS DROGAS E A VIOL\u00caNCIA.<\/p>\n<p style=\"text-align: justify;\">Desde 1983, o programa PROERD tem liderado as a\u00e7\u00f5es de preven\u00e7\u00e3o ao consumo de drogas, atrav\u00e9s dos esfor\u00e7os colaborativos entre a Pol\u00edcia Militar, o sistema de educa\u00e7\u00e3o e as fam\u00edlias.<br \/>\nE na \u00faltima sexta feira iniciaram-se as formaturas da \u00e1rea do 25\u00ba BPMI e ir\u00e3o transcorrer at\u00e9 o final de junho e est\u00e1 contando com a presen\u00e7a de familiares, autoridades e os formandos que d\u00e3o um show a parte na solenidade.<br \/>\nParab\u00e9ns aos formandos e aos instrutores.<\/p>\n<p style=\"text-align: justify;\">\ud83e\udd81 VIVA O PROERD \ud83e\udd81<\/p>\n<p><img loading=\"lazy\" decoding=\"async\" class=\"alignnone size-full wp-image-77469\" src=\"https:\/\/jorgezanoni.com.br\/2019\/wp-content\/uploads\/2023\/06\/pro-Pequeno.jpg\" alt=\"\" width=\"638\" height=\"480\" srcset=\"https:\/\/jorgezanoni.com.br\/2019\/wp-content\/uploads\/2023\/06\/pro-Pequeno.jpg 638w, https:\/\/jorgezanoni.com.br\/2019\/wp-content\/uploads\/2023\/06\/pro-Pequeno-300x226.jpg 300w, https:\/\/jorgezanoni.com.br\/2019\/wp-content\/uploads\/2023\/06\/pro-Pequeno-80x60.jpg 80w, https:\/\/jorgezanoni.com.br\/2019\/wp-content\/uploads\/2023\/06\/pro-Pequeno-265x198.jpg 265w, https:\/\/jorgezanoni.com.br\/2019\/wp-content\/uploads\/2023\/06\/pro-Pequeno-558x420.jpg 558w\" sizes=\"auto, (max-width: 638px) 100vw, 638px\" \/> <img loading=\"lazy\" decoding=\"async\" class=\"alignnone size-full wp-image-77470\" src=\"https:\/\/jorgezanoni.com.br\/2019\/wp-content\/uploads\/2023\/06\/pro1-Pequeno.jpg\" alt=\"\" width=\"852\" height=\"480\" srcset=\"https:\/\/jorgezanoni.com.br\/2019\/wp-content\/uploads\/2023\/06\/pro1-Pequeno.jpg 852w, https:\/\/jorgezanoni.com.br\/2019\/wp-content\/uploads\/2023\/06\/pro1-Pequeno-300x169.jpg 300w, https:\/\/jorgezanoni.com.br\/2019\/wp-content\/uploads\/2023\/06\/pro1-Pequeno-768x433.jpg 768w, https:\/\/jorgezanoni.com.br\/2019\/wp-content\/uploads\/2023\/06\/pro1-Pequeno-696x392.jpg 696w, https:\/\/jorgezanoni.com.br\/2019\/wp-content\/uploads\/2023\/06\/pro1-Pequeno-746x420.jpg 746w\" sizes=\"auto, (max-width: 852px) 100vw, 852px\" \/> <img loading=\"lazy\" decoding=\"async\" class=\"alignnone size-full wp-image-77472\" src=\"https:\/\/jorgezanoni.com.br\/2019\/wp-content\/uploads\/2023\/06\/pro3-Pequeno.jpg\" alt=\"\" width=\"854\" height=\"480\" srcset=\"https:\/\/jorgezanoni.com.br\/2019\/wp-content\/uploads\/2023\/06\/pro3-Pequeno.jpg 854w, https:\/\/jorgezanoni.com.br\/2019\/wp-content\/uploads\/2023\/06\/pro3-Pequeno-300x169.jpg 300w, https:\/\/jorgezanoni.com.br\/2019\/wp-content\/uploads\/2023\/06\/pro3-Pequeno-768x432.jpg 768w, https:\/\/jorgezanoni.com.br\/2019\/wp-content\/uploads\/2023\/06\/pro3-Pequeno-696x391.jpg 696w, https:\/\/jorgezanoni.com.br\/2019\/wp-content\/uploads\/2023\/06\/pro3-Pequeno-747x420.jpg 747w\" sizes=\"auto, (max-width: 854px) 100vw, 854px\" \/> <img loading=\"lazy\" decoding=\"async\" class=\"alignnone size-full wp-image-77473\" src=\"https:\/\/jorgezanoni.com.br\/2019\/wp-content\/uploads\/2023\/06\/pro4-Pequeno.jpg\" alt=\"\" width=\"480\" height=\"852\" srcset=\"https:\/\/jorgezanoni.com.br\/2019\/wp-content\/uploads\/2023\/06\/pro4-Pequeno.jpg 480w, https:\/\/jorgezanoni.com.br\/2019\/wp-content\/uploads\/2023\/06\/pro4-Pequeno-169x300.jpg 169w, https:\/\/jorgezanoni.com.br\/2019\/wp-content\/uploads\/2023\/06\/pro4-Pequeno-237x420.jpg 237w\" sizes=\"auto, (max-width: 480px) 100vw, 480px\" \/><\/p>\n<p>Fonte: Com. Social Policia Militar<\/p>\n","protected":false},"excerpt":{"rendered":"<p>ESTAMOS EM FESTA ! PROERD \u2013 PROGRAMA EDUCACIONAL DE RESISTENCIA AS DROGAS E A VIOL\u00caNCIA. Desde 1983, o programa PROERD tem liderado as a\u00e7\u00f5es de preven\u00e7\u00e3o ao consumo de drogas, atrav\u00e9s dos esfor\u00e7os colaborativos entre a Pol\u00edcia Militar, o sistema de educa\u00e7\u00e3o e as fam\u00edlias. E na \u00faltima sexta feira iniciaram-se as formaturas da \u00e1rea [&hellip;]<\/p>\n","protected":false},"author":1,"featured_media":77471,"comment_status":"closed","ping_status":"open","sticky":false,"template":"","format":"standard","meta":{"footnotes":""},"categories":[110,2],"tags":[],"class_list":["post-77468","post","type-post","status-publish","format-standard","has-post-thumbnail","hentry","category-noticiasdestaque","category-policial"],"_links":{"self":[{"href":"https:\/\/jorgezanoni.com.br\/2019\/wp-json\/wp\/v2\/posts\/77468","targetHints":{"allow":["GET"]}}],"collection":[{"href":"https:\/\/jorgezanoni.com.br\/2019\/wp-json\/wp\/v2\/posts"}],"about":[{"href":"https:\/\/jorgezanoni.com.br\/2019\/wp-json\/wp\/v2\/types\/post"}],"author":[{"embeddable":true,"href":"https:\/\/jorgezanoni.com.br\/2019\/wp-json\/wp\/v2\/users\/1"}],"replies":[{"embeddable":true,"href":"https:\/\/jorgezanoni.com.br\/2019\/wp-json\/wp\/v2\/comments?post=77468"}],"version-history":[{"count":1,"href":"https:\/\/jorgezanoni.com.br\/2019\/wp-json\/wp\/v2\/posts\/77468\/revisions"}],"predecessor-version":[{"id":77474,"href":"https:\/\/jorgezanoni.com.br\/2019\/wp-json\/wp\/v2\/posts\/77468\/revisions\/77474"}],"wp:featuredmedia":[{"embeddable":true,"href":"https:\/\/jorgezanoni.com.br\/2019\/wp-json\/wp\/v2\/media\/77471"}],"wp:attachment":[{"href":"https:\/\/jorgezanoni.com.br\/2019\/wp-json\/wp\/v2\/media?parent=77468"}],"wp:term":[{"taxonomy":"category","embeddable":true,"href":"https:\/\/jorgezanoni.com.br\/2019\/wp-json\/wp\/v2\/categories?post=77468"},{"taxonomy":"post_tag","embeddable":true,"href":"https:\/\/jorgezanoni.com.br\/2019\/wp-json\/wp\/v2\/tags?post=77468"}],"curies":[{"name":"wp","href":"https:\/\/api.w.org\/{rel}","templated":true}]}}