{"id":77464,"date":"2023-06-20T23:28:48","date_gmt":"2023-06-20T23:28:48","guid":{"rendered":"https:\/\/jorgezanoni.com.br\/2019\/?p=77464"},"modified":"2023-06-20T23:28:48","modified_gmt":"2023-06-20T23:28:48","slug":"relacoes-afetivas-em-tempo-de-pos-globalizacao-midiatica-por-sergio-barbosa","status":"publish","type":"post","link":"https:\/\/jorgezanoni.com.br\/2019\/relacoes-afetivas-em-tempo-de-pos-globalizacao-midiatica-por-sergio-barbosa\/","title":{"rendered":"Rela\u00e7\u00f5es afetivas em tempo de p\u00f3s-globaliza\u00e7\u00e3o midi\u00e1tica&#8230; (por S\u00e9rgio Barbosa)"},"content":{"rendered":"<p style=\"text-align: justify;\"><strong>RELA\u00c7\u00d5ES AFETIVAS EM TEMPO DE P\u00d3S-GLOBALIZA\u00c7\u00c3O MIDI\u00c1TICA&#8230;<\/strong><\/p>\n<p style=\"text-align: justify;\"><strong><em>\u201cpessoas sofridas s\u00e3o perigosas, elas mostram que podem sobreviver<\/em><\/strong><strong><em>&#8230;\u201d<\/em><\/strong><em> ( do FILME in Perdas e Danos)<\/em><\/p>\n<p style=\"text-align: justify;\"><strong><em>S\u00e9rgio Barbosa (*)<\/em><\/strong><\/p>\n<p style=\"text-align: justify;\">A denominada p\u00f3s-globaliza\u00e7\u00e3o est\u00e1 navegando no \u201cPlaneta M\u00eddia\u201d desde a d\u00e9cada de 60, quando o te\u00f3rico da comunica\u00e7\u00e3o McLuhan apresentou ao mundo a sua \u201cAldeia Global\u201d pela proposta do \u201cmeio \u00e9 a mensagem\u201d, assim, mudaram-se as rela\u00e7\u00f5es entre emissor e receptor por meio da mensagem, no realinhamento midi\u00e1tico p\u00f3s teoria funcionalista da d\u00e9cada de 30 em terras do \u201cTio Sam\u201d&#8230;<\/p>\n<p style=\"text-align: justify;\">Devem-se levar em considera\u00e7\u00e3o outras teorias desta mesma comunica\u00e7\u00e3o, entretanto, as ci\u00eancias sociais apresentam outras propostas neste mesmo contexto pela pluralidade do social frente ao individual&#8230;<\/p>\n<p style=\"text-align: justify;\">Entretanto, neste caso em pauta, nem sempre a comunica\u00e7\u00e3o pode determinar o meio como mensagem, tendo em vista a proposta mediada pela informa\u00e7\u00e3o como ru\u00eddo para propor uma ou mais teorias, entre as quais, do caos social em tempo de p\u00f3s-globaliza\u00e7\u00e3o midi\u00e1tica&#8230;<\/p>\n<p style=\"text-align: justify;\">A recep\u00e7\u00e3o nas redes tecnol\u00f3gicas neste novo cen\u00e1rio midi\u00e1tico apresenta variantes de uma mesma proposta te\u00f3rica, por\u00e9m, o emissor pr\u00e9-determina outros fatores para um p\u00fablico alvo espec\u00edfico, possibilitando diversas alternativas para o mercado comunicacional&#8230;<\/p>\n<p style=\"text-align: justify;\">As perdas s\u00e3o decorrentes dos ru\u00eddos inseridos nesta mensagem que se apresenta como tecnologia glocal, ou seja, do global para o local para uma inser\u00e7\u00e3o al\u00e9m das barreiras geogr\u00e1ficas do \u201cPlaneta M\u00eddia\u201d&#8230;<\/p>\n<p style=\"text-align: justify;\">A TV brasileira ocupa lugar de destaque no cen\u00e1rio mundial pela proposta entre o lazer e o entretenimento para o telespectador, pode-se, ainda, determinar outros lados de uma mesma moeda televisiva, haja vista, o compromisso desta m\u00eddia com os interesses mercadol\u00f3gicos do capital com o lucro&#8230;<\/p>\n<p style=\"text-align: justify;\">As rela\u00e7\u00f5es humanas est\u00e3o em estado de decomposi\u00e7\u00e3o da vida al\u00e9m da morte, neste caso, o que menos interessa para o mercado \u00e9 o lado emocional destas rela\u00e7\u00f5es sociais, espera-se a proposta que vem com a racionalidade do momento em que acontece o fato de interesse para um destes lados na disputa exclusivamente da audi\u00eancia, se poss\u00edvel, em hor\u00e1rio nobre&#8230;<\/p>\n<p style=\"text-align: justify;\">Os elementos s\u00e3o muitos para uma \u00fanica reflex\u00e3o te\u00f3rica, entretanto, no universo das rela\u00e7\u00f5es humanas, as pessoas tendem a buscar o seu infinito na esperan\u00e7a de uma salva\u00e7\u00e3o midi\u00e1tica que pode aparecer pela \u201ctelinha\u201d, \u201cmonitor de um computador\u201d ou \u201ccelular\u201d e outros meios&#8230;<\/p>\n<p style=\"text-align: justify;\">Destacaram-se neste texto, as perdas de uma universalidade al\u00e9m do emocional, de qualquer forma, os danos causados pelo ru\u00eddo podem trazer outras conseq\u00fc\u00eancias pela racionalidade do ser humano neste contexto das rela\u00e7\u00f5es afetivas inseridas pela proposta da p\u00f3s-globaliza\u00e7\u00e3o midi\u00e1tica&#8230;<\/p>\n<p style=\"text-align: justify;\"><strong><em>________________________________<\/em><\/strong><\/p>\n<p style=\"text-align: justify;\"><strong><em>(*) Jornalista diplomado e Pesquisador da C\u00e1tedra UNESCO\/UMESP de Comunica\u00e7\u00e3o para o Desenvolvimento Regional.<\/em><\/strong><\/p>\n<p style=\"text-align: justify;\"><strong><em>e-mail: <a href=\"mailto:barbosa.sebar@gmail.com\">barbosa.sebar@gmail.com<\/a><\/em><\/strong><\/p>\n","protected":false},"excerpt":{"rendered":"<p>RELA\u00c7\u00d5ES AFETIVAS EM TEMPO DE P\u00d3S-GLOBALIZA\u00c7\u00c3O MIDI\u00c1TICA&#8230; \u201cpessoas sofridas s\u00e3o perigosas, elas mostram que podem sobreviver&#8230;\u201d ( do FILME in Perdas e Danos) S\u00e9rgio Barbosa (*) A denominada p\u00f3s-globaliza\u00e7\u00e3o est\u00e1 navegando no \u201cPlaneta M\u00eddia\u201d desde a d\u00e9cada de 60, quando o te\u00f3rico da comunica\u00e7\u00e3o McLuhan apresentou ao mundo a sua \u201cAldeia Global\u201d pela proposta do [&hellip;]<\/p>\n","protected":false},"author":1,"featured_media":77465,"comment_status":"closed","ping_status":"open","sticky":false,"template":"","format":"standard","meta":{"footnotes":""},"categories":[175],"tags":[],"class_list":["post-77464","post","type-post","status-publish","format-standard","has-post-thumbnail","hentry","category-artigos"],"_links":{"self":[{"href":"https:\/\/jorgezanoni.com.br\/2019\/wp-json\/wp\/v2\/posts\/77464","targetHints":{"allow":["GET"]}}],"collection":[{"href":"https:\/\/jorgezanoni.com.br\/2019\/wp-json\/wp\/v2\/posts"}],"about":[{"href":"https:\/\/jorgezanoni.com.br\/2019\/wp-json\/wp\/v2\/types\/post"}],"author":[{"embeddable":true,"href":"https:\/\/jorgezanoni.com.br\/2019\/wp-json\/wp\/v2\/users\/1"}],"replies":[{"embeddable":true,"href":"https:\/\/jorgezanoni.com.br\/2019\/wp-json\/wp\/v2\/comments?post=77464"}],"version-history":[{"count":1,"href":"https:\/\/jorgezanoni.com.br\/2019\/wp-json\/wp\/v2\/posts\/77464\/revisions"}],"predecessor-version":[{"id":77467,"href":"https:\/\/jorgezanoni.com.br\/2019\/wp-json\/wp\/v2\/posts\/77464\/revisions\/77467"}],"wp:featuredmedia":[{"embeddable":true,"href":"https:\/\/jorgezanoni.com.br\/2019\/wp-json\/wp\/v2\/media\/77465"}],"wp:attachment":[{"href":"https:\/\/jorgezanoni.com.br\/2019\/wp-json\/wp\/v2\/media?parent=77464"}],"wp:term":[{"taxonomy":"category","embeddable":true,"href":"https:\/\/jorgezanoni.com.br\/2019\/wp-json\/wp\/v2\/categories?post=77464"},{"taxonomy":"post_tag","embeddable":true,"href":"https:\/\/jorgezanoni.com.br\/2019\/wp-json\/wp\/v2\/tags?post=77464"}],"curies":[{"name":"wp","href":"https:\/\/api.w.org\/{rel}","templated":true}]}}