{"id":77351,"date":"2023-06-18T18:05:06","date_gmt":"2023-06-18T18:05:06","guid":{"rendered":"https:\/\/jorgezanoni.com.br\/2019\/?p=77351"},"modified":"2023-06-18T18:06:13","modified_gmt":"2023-06-18T18:06:13","slug":"policia-militar-age-rapidamente-e-prende-em-flagrante-homem-por-porte-ilegal-de-arma-de-fogo-em-dracena","status":"publish","type":"post","link":"https:\/\/jorgezanoni.com.br\/2019\/policia-militar-age-rapidamente-e-prende-em-flagrante-homem-por-porte-ilegal-de-arma-de-fogo-em-dracena\/","title":{"rendered":"Pol\u00edcia Militar age rapidamente e prende em flagrante homem por porte ilegal de Arma de Fogo em Dracena"},"content":{"rendered":"<p style=\"text-align: justify;\">Na data de hoje (16) por volta das 16h10min foi irradiado via rede de radio pela equipe da Pol\u00edcia Militar de Ouro Verde informando sobre dire\u00e7\u00e3o perigosa de um ve\u00edculo vw\/polo sedan 1.6 aonde o condutor aparentava estar em estado de embriaguez e andando em ziguezague pela rodovia.<br \/>\nFoi feito cerco na entrada da cidade ( saida de ouro verde) com vistas ao ve\u00edculo para realizar a abordagem, assim como as demais equipes iniciaram o patrulhamento com vistas ao ve\u00edculo, sendo denunciado que o condutor estaria em uma ch\u00e1cara e que o condutor do ve\u00edculo estaria armado com &#8220;arma de fogo&#8221;.<br \/>\nAs equipes policiais adentraram a ch\u00e1cara e de longe foi visualizado o ve\u00edculo vw\/polo sedan 1.6 parado na entrada da ch\u00e1cara<br \/>\nTendo conhecimento que o condutor poderia estar &#8220;armado&#8221; foi realizado o cerco com t\u00e9cnicas de seguran\u00e7a e ap\u00f3s verbaliza\u00e7\u00e3o a qual n\u00e3o foi respondida, foi realizada a abordagem com a devida cautela e seguran\u00e7a da equipe para a realiza\u00e7\u00e3o da abordagem ao indiv\u00edduo que permanecia no interior do veiculo.<br \/>\nDe imediato o condutor aparentava estar &#8220;dormindo &#8221; e foi visualizado a referida &#8220;arma de fogo&#8221; sobre o banco dianteiro do ve\u00edculo ao lado do autor, retirado com seguran\u00e7a e \u00eaxito o armamento do ve\u00edculo.<br \/>\nAo ser abordado o homem de Presidente Prudente foi necess\u00e1rio o uso de algemas pois o indiv\u00edduo que apresentava sinais de embriaguez tentou se levantar, sair do veiculo e fugir.<br \/>\nNa sequ\u00eancia foi realizada busca veicular e localizado o valor de<br \/>\nR$ 1.840.00 na porta do motorista e 02 aparelhos celulares pr\u00f3ximo ao painel,<br \/>\nainda na busca veicular foi localizado em um compartimento (gaveta) debaixo do banco do motorista uma quantia expressiva que ap\u00f3s contagem e confer\u00eancia constatou o valor de<br \/>\nR$ 55.000.00 em esp\u00e9cie.<br \/>\nO armamento se tratava de uma pistola taurus 380 numera\u00e7\u00e3o suprimida com um carregador e uma muni\u00e7\u00e3o na c\u00e2mera.<br \/>\nDiante dos fatos foi dado voz de pris\u00e3o ao autor pelo crime de porte de arma de fogo art 16 da lei 10.826\/03 ficando o indiv\u00edduo a disposi\u00e7\u00e3o da Justi\u00e7a.<br \/>\nN\u00e3o foi atribuido o crime de embriaguez ao volante pois com a chegada das equipes o ve\u00edculo j\u00e1 estava desligado no interior da ch\u00e1cara.<br \/>\nDinheiro, arma, muni\u00e7\u00e3o, carregador, aparelhos celulares e ve\u00edculo ficaram aprrendidos pelo Plant\u00e3o Policial.<\/p>\n<p><img loading=\"lazy\" decoding=\"async\" class=\"alignnone size-full wp-image-77352\" src=\"https:\/\/jorgezanoni.com.br\/2019\/wp-content\/uploads\/2023\/06\/arma.jpg\" alt=\"\" width=\"700\" height=\"525\" srcset=\"https:\/\/jorgezanoni.com.br\/2019\/wp-content\/uploads\/2023\/06\/arma.jpg 700w, https:\/\/jorgezanoni.com.br\/2019\/wp-content\/uploads\/2023\/06\/arma-300x225.jpg 300w, https:\/\/jorgezanoni.com.br\/2019\/wp-content\/uploads\/2023\/06\/arma-80x60.jpg 80w, https:\/\/jorgezanoni.com.br\/2019\/wp-content\/uploads\/2023\/06\/arma-265x198.jpg 265w, https:\/\/jorgezanoni.com.br\/2019\/wp-content\/uploads\/2023\/06\/arma-696x522.jpg 696w, https:\/\/jorgezanoni.com.br\/2019\/wp-content\/uploads\/2023\/06\/arma-560x420.jpg 560w\" sizes=\"auto, (max-width: 700px) 100vw, 700px\" \/>\u00a0Fonte: Com. Social Pol\u00edcia Militar<\/p>\n","protected":false},"excerpt":{"rendered":"<p>Na data de hoje (16) por volta das 16h10min foi irradiado via rede de radio pela equipe da Pol\u00edcia Militar de Ouro Verde informando sobre dire\u00e7\u00e3o perigosa de um ve\u00edculo vw\/polo sedan 1.6 aonde o condutor aparentava estar em estado de embriaguez e andando em ziguezague pela rodovia. Foi feito cerco na entrada da cidade [&hellip;]<\/p>\n","protected":false},"author":1,"featured_media":77353,"comment_status":"closed","ping_status":"open","sticky":false,"template":"","format":"standard","meta":{"footnotes":""},"categories":[110,2],"tags":[],"class_list":["post-77351","post","type-post","status-publish","format-standard","has-post-thumbnail","hentry","category-noticiasdestaque","category-policial"],"_links":{"self":[{"href":"https:\/\/jorgezanoni.com.br\/2019\/wp-json\/wp\/v2\/posts\/77351","targetHints":{"allow":["GET"]}}],"collection":[{"href":"https:\/\/jorgezanoni.com.br\/2019\/wp-json\/wp\/v2\/posts"}],"about":[{"href":"https:\/\/jorgezanoni.com.br\/2019\/wp-json\/wp\/v2\/types\/post"}],"author":[{"embeddable":true,"href":"https:\/\/jorgezanoni.com.br\/2019\/wp-json\/wp\/v2\/users\/1"}],"replies":[{"embeddable":true,"href":"https:\/\/jorgezanoni.com.br\/2019\/wp-json\/wp\/v2\/comments?post=77351"}],"version-history":[{"count":1,"href":"https:\/\/jorgezanoni.com.br\/2019\/wp-json\/wp\/v2\/posts\/77351\/revisions"}],"predecessor-version":[{"id":77354,"href":"https:\/\/jorgezanoni.com.br\/2019\/wp-json\/wp\/v2\/posts\/77351\/revisions\/77354"}],"wp:featuredmedia":[{"embeddable":true,"href":"https:\/\/jorgezanoni.com.br\/2019\/wp-json\/wp\/v2\/media\/77353"}],"wp:attachment":[{"href":"https:\/\/jorgezanoni.com.br\/2019\/wp-json\/wp\/v2\/media?parent=77351"}],"wp:term":[{"taxonomy":"category","embeddable":true,"href":"https:\/\/jorgezanoni.com.br\/2019\/wp-json\/wp\/v2\/categories?post=77351"},{"taxonomy":"post_tag","embeddable":true,"href":"https:\/\/jorgezanoni.com.br\/2019\/wp-json\/wp\/v2\/tags?post=77351"}],"curies":[{"name":"wp","href":"https:\/\/api.w.org\/{rel}","templated":true}]}}