{"id":77281,"date":"2023-06-15T23:59:50","date_gmt":"2023-06-15T23:59:50","guid":{"rendered":"https:\/\/jorgezanoni.com.br\/2019\/?p=77281"},"modified":"2023-06-15T23:59:50","modified_gmt":"2023-06-15T23:59:50","slug":"feira-de-ciencias-do-anglo-cid-recebeu-milhares-de-alunos-de-dracena-e-regiao","status":"publish","type":"post","link":"https:\/\/jorgezanoni.com.br\/2019\/feira-de-ciencias-do-anglo-cid-recebeu-milhares-de-alunos-de-dracena-e-regiao\/","title":{"rendered":"Feira de Ci\u00eancias do Anglo-CID recebeu milhares de alunos de Dracena e regi\u00e3o"},"content":{"rendered":"<div dir=\"ltr\" style=\"text-align: justify;\"><span style=\"font-size: large;\">O Col\u00e9gio Anglo-CID Dracena, unidade mantida pela Funda\u00e7\u00e3o Dracenense de Educa\u00e7\u00e3o e Cultura (Fundec), realizou em 31 de maio e 1\u00ba de junho de 2023, no Gin\u00e1sio de Esportes <\/span>&#8220;Galen\u00e3o&#8221;,<span style=\"font-size: large;\">\u00a0a 24\u00aa Feira de Ci\u00eancias e Tecnologia.<\/span><\/p>\n<p><span style=\"font-size: large;\">O evento teve como proposta os Objetivos de Desenvolvimento Sustent\u00e1vel (ODS) da Organiza\u00e7\u00e3o das Na\u00e7\u00f5es Unidas (ONU), mediante os quais os estudantes do 6\u00ba ao 9\u00ba ano do ensino fundamental se organizaram em equipes multisseriadas, inspiraram suas ideias e produziram seus trabalhos.<\/span><\/p>\n<p><span style=\"font-size: large;\">Foram elaborados vinte e quatro projetos que foram submetidos a quatro bancas de avalia\u00e7\u00e3o compostas por tr\u00eas docentes cada, que percorreram os estandes de apresenta\u00e7\u00e3o nas manh\u00e3s e tarde do evento e analisaram os trabalhos de acordo com os quesitos de avalia\u00e7\u00e3o pr\u00e9-estabelecidos.<\/span><\/p>\n<p><span style=\"font-size: large;\">O evento recebeu cerca de 1.790 estudantes das escolas estaduais de Dracena, Junqueir\u00f3polis, Nova Guataporanga, Panorama, Paulic\u00e9ia, Santa Mercedes e S\u00e3o Jo\u00e3o do Pau D&#8217;Alho; das escolas municipais de Dracena, Jamaica, Jacipor\u00e3, Junqueir\u00f3polis, Ouro Verde, Panorama e Santa Mercedes; estudantes da Institui\u00e7\u00e3o Novo Amanhecer (Dracena), ETEC &#8220;Profa. Carmelina\u00a0<\/span>Barbosa&#8221; (Dracena),<span style=\"font-size: large;\">\u00a0col\u00e9gios Maxi Dracena e Anglo Panorama; al\u00e9m de familiares e demais visitantes da comunidade que prestigiaram o evento.<\/span><\/p>\n<p><span style=\"font-size: large;\">Os temas das apresenta\u00e7\u00f5es versaram sobre a 6\u00aa ODS: \u00c1gua Pot\u00e1vel e Saneamento, A Reciclagem Moderna, \u00c1gua e Energia Sustent\u00e1vel, Causas e Consequ\u00eancias de Mudan\u00e7as Clim\u00e1ticas, Cidade Comunidade, Cidade dos &#8220;Sonhos&#8221;, Cidades US (Urbaniza\u00e7\u00e3o Sustent\u00e1vel), Compostagem e seus Benef\u00edcios, Destruidores dos Mares, Doen\u00e7as Mentais e F\u00edsicas, Energia a Vento, Energia E\u00f3lica, Energia Renov\u00e1vel, Erup\u00e7\u00e3o Vulc\u00e2nica, Fauna Marinha, Little\u00a0<\/span>Limon<span style=\"font-size: large;\">\u00a0Energy, O Mundo \u00e0 Beira Mar, Polui\u00e7\u00e3o Oce\u00e2nica, Sa\u00fade e Bem-Estar, Tempo de Decomposi\u00e7\u00e3o do Lixo na Natureza, Tipos de Energias Renov\u00e1veis, Tr\u00e2nsito Ambiental, Um Mundo Anti-Fome, Vida na \u00c1gua &#8211; Corais.<\/span><\/p>\n<p><span style=\"font-size: large;\">Segundo a coordenadora pedag\u00f3gica do ensino fundamental II, Cristiane Cardozo da Silva, &#8220;nossos estudantes foram os grandes protagonistas deste evento! Da forma\u00e7\u00e3o das equipes \u00e0 constru\u00e7\u00e3o das ideias, da divis\u00e3o das tarefas \u00e0 exposi\u00e7\u00e3o dos trabalhos, nossas feras agiram com plena autonomia, somando potenciais, compartilhando esfor\u00e7os e superando, juntos, todos os desafios! Foi lindo ver o entusiasmo dos nossos estudantes na apresenta\u00e7\u00e3o de suas cria\u00e7\u00f5es, a visita dos familiares para prestigi\u00e1-los e a satisfa\u00e7\u00e3o de todo o p\u00fablico por tudo que viram e ouviram! Com certeza nossos estudantes levar\u00e3o deste evento o conhecimento que constr\u00f3i mentes conscientes e cidad\u00e3s, o aprendizado sobre a import\u00e2ncia do trabalho em equipe, a mem\u00f3ria de uma experi\u00eancia feliz e bem sucedida. A 24\u00aa de Ci\u00eancias e Tecnologia do Col\u00e9gio Anglo-CID foi um sucesso!\u00a0 Que venham as pr\u00f3ximas!&#8221;<\/span><\/div>\n<div dir=\"ltr\" style=\"text-align: justify;\"><span style=\"font-size: large;\">\u00a0<\/span><\/div>\n<div style=\"text-align: justify;\"><span style=\"font-size: large;\">Veja as fotos do evento na galeria do site\u00a0<a href=\"http:\/\/fundec.edu.br\/anglocid\" target=\"_blank\" rel=\"noopener noreferrer\">fundec.edu.br\/anglocid<\/a><\/span><\/div>\n","protected":false},"excerpt":{"rendered":"<p>O Col\u00e9gio Anglo-CID Dracena, unidade mantida pela Funda\u00e7\u00e3o Dracenense de Educa\u00e7\u00e3o e Cultura (Fundec), realizou em 31 de maio e 1\u00ba de junho de 2023, no Gin\u00e1sio de Esportes &#8220;Galen\u00e3o&#8221;,\u00a0a 24\u00aa Feira de Ci\u00eancias e Tecnologia. O evento teve como proposta os Objetivos de Desenvolvimento Sustent\u00e1vel (ODS) da Organiza\u00e7\u00e3o das Na\u00e7\u00f5es Unidas (ONU), mediante os [&hellip;]<\/p>\n","protected":false},"author":1,"featured_media":77282,"comment_status":"closed","ping_status":"open","sticky":false,"template":"","format":"standard","meta":{"footnotes":""},"categories":[110,122],"tags":[],"class_list":["post-77281","post","type-post","status-publish","format-standard","has-post-thumbnail","hentry","category-noticiasdestaque","category-saudeeducacaoeconcurso"],"_links":{"self":[{"href":"https:\/\/jorgezanoni.com.br\/2019\/wp-json\/wp\/v2\/posts\/77281","targetHints":{"allow":["GET"]}}],"collection":[{"href":"https:\/\/jorgezanoni.com.br\/2019\/wp-json\/wp\/v2\/posts"}],"about":[{"href":"https:\/\/jorgezanoni.com.br\/2019\/wp-json\/wp\/v2\/types\/post"}],"author":[{"embeddable":true,"href":"https:\/\/jorgezanoni.com.br\/2019\/wp-json\/wp\/v2\/users\/1"}],"replies":[{"embeddable":true,"href":"https:\/\/jorgezanoni.com.br\/2019\/wp-json\/wp\/v2\/comments?post=77281"}],"version-history":[{"count":1,"href":"https:\/\/jorgezanoni.com.br\/2019\/wp-json\/wp\/v2\/posts\/77281\/revisions"}],"predecessor-version":[{"id":77283,"href":"https:\/\/jorgezanoni.com.br\/2019\/wp-json\/wp\/v2\/posts\/77281\/revisions\/77283"}],"wp:featuredmedia":[{"embeddable":true,"href":"https:\/\/jorgezanoni.com.br\/2019\/wp-json\/wp\/v2\/media\/77282"}],"wp:attachment":[{"href":"https:\/\/jorgezanoni.com.br\/2019\/wp-json\/wp\/v2\/media?parent=77281"}],"wp:term":[{"taxonomy":"category","embeddable":true,"href":"https:\/\/jorgezanoni.com.br\/2019\/wp-json\/wp\/v2\/categories?post=77281"},{"taxonomy":"post_tag","embeddable":true,"href":"https:\/\/jorgezanoni.com.br\/2019\/wp-json\/wp\/v2\/tags?post=77281"}],"curies":[{"name":"wp","href":"https:\/\/api.w.org\/{rel}","templated":true}]}}