{"id":77271,"date":"2023-06-15T16:06:32","date_gmt":"2023-06-15T16:06:32","guid":{"rendered":"https:\/\/jorgezanoni.com.br\/2019\/?p=77271"},"modified":"2023-06-15T16:06:32","modified_gmt":"2023-06-15T16:06:32","slug":"policia-militar-prende-homem-em-flagrante-por-furto-em-dracena-6","status":"publish","type":"post","link":"https:\/\/jorgezanoni.com.br\/2019\/policia-militar-prende-homem-em-flagrante-por-furto-em-dracena-6\/","title":{"rendered":"Pol\u00edcia Militar prende homem em flagrante por furto em Dracena"},"content":{"rendered":"<p style=\"text-align: justify;\"><strong>POL\u00cdCIA MILITAR EM DRACENA PRENDE HOMEM EM FLAGRANTE POR FURTO, RECUPERA PRODUTOS E DURANTE ABORDAGEM TAMB\u00c9M VERIFICADO SER ELE PROCURADO DA JUSTI\u00c7A.<\/strong><\/p>\n<p style=\"text-align: justify;\">Na data de hoje (14) por volta das 12h54min durante patrulhamento pela Avenida Rui Barbosa recebeu informa\u00e7\u00e3o de que um indiv\u00edduo teria acabado de furtar v\u00e1rios objetos de um supermercado pela mesma via, com as caracter\u00edsticas passadas e filmagens a equipe da Pol\u00edcia Militar conseguiu localizar o indiciado alguns quarteir\u00f5es pr\u00f3ximo do local do furto e em busca pessoal foi encontrado alguns objetos. De pronto o homem 40 anos informou que teria furtado e teria vendido alguns objetos em um com\u00e9rcio. Durante abordagem foi realizado pesquisa criminal do indiv\u00edduo e foi constatado que j\u00e1 existia em seu desfavor um mandado de pris\u00e3o do F\u00f3rum da cidade de Presidente Prudente\/SP por furto. Os objetos encontrados com o mesmo foram 03 isqueiros grandes da marca Bic, 1 barra de chocolate e R$ 58.50 em dinheiro. Foi dada voz de pris\u00e3o para o indiv\u00edduo ficando \u00e0 disposi\u00e7\u00e3o da Justi\u00e7a. Durante o desfecho da apresenta\u00e7\u00e3o da ocorr\u00eancia foi localizado o restante dos objetos furtados 12 desodorantes aerosol.<\/p>\n<p>Fonte: Com. Social Pol\u00edcia Militar<\/p>\n","protected":false},"excerpt":{"rendered":"<p>POL\u00cdCIA MILITAR EM DRACENA PRENDE HOMEM EM FLAGRANTE POR FURTO, RECUPERA PRODUTOS E DURANTE ABORDAGEM TAMB\u00c9M VERIFICADO SER ELE PROCURADO DA JUSTI\u00c7A. Na data de hoje (14) por volta das 12h54min durante patrulhamento pela Avenida Rui Barbosa recebeu informa\u00e7\u00e3o de que um indiv\u00edduo teria acabado de furtar v\u00e1rios objetos de um supermercado pela mesma via, [&hellip;]<\/p>\n","protected":false},"author":1,"featured_media":77272,"comment_status":"closed","ping_status":"open","sticky":false,"template":"","format":"standard","meta":{"footnotes":""},"categories":[110,2],"tags":[],"class_list":["post-77271","post","type-post","status-publish","format-standard","has-post-thumbnail","hentry","category-noticiasdestaque","category-policial"],"_links":{"self":[{"href":"https:\/\/jorgezanoni.com.br\/2019\/wp-json\/wp\/v2\/posts\/77271","targetHints":{"allow":["GET"]}}],"collection":[{"href":"https:\/\/jorgezanoni.com.br\/2019\/wp-json\/wp\/v2\/posts"}],"about":[{"href":"https:\/\/jorgezanoni.com.br\/2019\/wp-json\/wp\/v2\/types\/post"}],"author":[{"embeddable":true,"href":"https:\/\/jorgezanoni.com.br\/2019\/wp-json\/wp\/v2\/users\/1"}],"replies":[{"embeddable":true,"href":"https:\/\/jorgezanoni.com.br\/2019\/wp-json\/wp\/v2\/comments?post=77271"}],"version-history":[{"count":1,"href":"https:\/\/jorgezanoni.com.br\/2019\/wp-json\/wp\/v2\/posts\/77271\/revisions"}],"predecessor-version":[{"id":77273,"href":"https:\/\/jorgezanoni.com.br\/2019\/wp-json\/wp\/v2\/posts\/77271\/revisions\/77273"}],"wp:featuredmedia":[{"embeddable":true,"href":"https:\/\/jorgezanoni.com.br\/2019\/wp-json\/wp\/v2\/media\/77272"}],"wp:attachment":[{"href":"https:\/\/jorgezanoni.com.br\/2019\/wp-json\/wp\/v2\/media?parent=77271"}],"wp:term":[{"taxonomy":"category","embeddable":true,"href":"https:\/\/jorgezanoni.com.br\/2019\/wp-json\/wp\/v2\/categories?post=77271"},{"taxonomy":"post_tag","embeddable":true,"href":"https:\/\/jorgezanoni.com.br\/2019\/wp-json\/wp\/v2\/tags?post=77271"}],"curies":[{"name":"wp","href":"https:\/\/api.w.org\/{rel}","templated":true}]}}