{"id":77244,"date":"2023-06-14T18:42:35","date_gmt":"2023-06-14T18:42:35","guid":{"rendered":"https:\/\/jorgezanoni.com.br\/2019\/?p=77244"},"modified":"2023-06-14T18:42:35","modified_gmt":"2023-06-14T18:42:35","slug":"policia-civil-inicia-ciclo-de-palestras-em-alusao-ao-dia-internacional-contra-o-abuso-e-trafico-ilicito-de-drogas-e-sao-joao-do-pau-dalho","status":"publish","type":"post","link":"https:\/\/jorgezanoni.com.br\/2019\/policia-civil-inicia-ciclo-de-palestras-em-alusao-ao-dia-internacional-contra-o-abuso-e-trafico-ilicito-de-drogas-e-sao-joao-do-pau-dalho\/","title":{"rendered":"Pol\u00edcia Civil inicia ciclo de palestras em alus\u00e3o ao Dia Internacional contra o abuso e tr\u00e1fico il\u00edcito de Drogas e, S\u00e3o Jo\u00e3o do P\u00e1u D&#8217;\u00c1lho"},"content":{"rendered":"<p style=\"text-align: justify;\">A Pol\u00edcia Civil, por interm\u00e9dio da Delegacia Seccional de Pol\u00edcia de Dracena, promoveu e iniciou nesta ter\u00e7a-feira (13), uma s\u00e9rie de palestras sobre preven\u00e7\u00e3o ao uso nocivo de drogas, em comemora\u00e7\u00e3o ao \u201cDia Internacional contra o Abuso e Tr\u00e1fico Il\u00edcito de Drogas\u201d, que \u00e9 celebrado no dia 26 de junho, data que foi institu\u00edda pelas Na\u00e7\u00f5es Unidas para conscientizar a popula\u00e7\u00e3o sobre o problema mundial do consumo dessas subst\u00e2ncias.<\/p>\n<p style=\"text-align: justify;\">O ciclo de palestras come\u00e7ou pela Escola Estadual Prof\u00ba. Salvador Ramos de Moura, em S\u00e3o Jo\u00e3o do Pau D\u00b4alho (SP), onde cerca de 120 alunos e professores do estabelecimento de ensino tiveram a oportunidade acompanhar e assistir a palestra ministrada pelo agente policial Reginaldo Rosa, que fazendo uso de material \u00e1udio visual, discorreu sobre os perigos e riscos do consumo precoce de drogas l\u00edcitas e il\u00edcitas.<\/p>\n<p style=\"text-align: justify;\">O bate-papo visa refor\u00e7ar a preven\u00e7\u00e3o e alertar aos estudantes para que n\u00e3o haja um primeiro contato com o universo das drogas t\u00e3o precocemente, e que eles possam por sim s\u00f3 recusar a oferta das drogas.<\/p>\n<p style=\"text-align: justify;\">O projeto de preven\u00e7\u00e3o ao uso nocivo de drogas \u00e9 um trabalho social desenvolvido voluntariamente, h\u00e1 mais de 15 anos, pelo agente policial Reginaldo com amplo e total apoio da Delegacia Seccional de Pol\u00edcia de Dracena, buscando orientar e conscientizar adolescentes e jovens sobre os malef\u00edcios causados pela depend\u00eancia qu\u00edmica.<\/p>\n<p style=\"text-align: justify;\">A palestra foi solicitada pela dire\u00e7\u00e3o da Escola Estadual Prof\u00ba. Salvador Ramos de Moura, que ao final da apresenta\u00e7\u00e3o teceu elogios e agradeceu a parceria com a Pol\u00edcia Civil do Estado de S\u00e3o Paulo. O evento tamb\u00e9m contou com a participa\u00e7\u00e3o de integrantes do CRAS &#8211; Centro de Refer\u00eancia de Assist\u00eancia Social e Conselho Tutelar daquele munic\u00edpio.<\/p>\n<p><img loading=\"lazy\" decoding=\"async\" class=\"alignnone size-full wp-image-77245\" src=\"https:\/\/jorgezanoni.com.br\/2019\/wp-content\/uploads\/2023\/06\/sj2-Pequeno.jpg\" alt=\"\" width=\"853\" height=\"480\" srcset=\"https:\/\/jorgezanoni.com.br\/2019\/wp-content\/uploads\/2023\/06\/sj2-Pequeno.jpg 853w, https:\/\/jorgezanoni.com.br\/2019\/wp-content\/uploads\/2023\/06\/sj2-Pequeno-300x169.jpg 300w, https:\/\/jorgezanoni.com.br\/2019\/wp-content\/uploads\/2023\/06\/sj2-Pequeno-768x432.jpg 768w, https:\/\/jorgezanoni.com.br\/2019\/wp-content\/uploads\/2023\/06\/sj2-Pequeno-696x392.jpg 696w, https:\/\/jorgezanoni.com.br\/2019\/wp-content\/uploads\/2023\/06\/sj2-Pequeno-746x420.jpg 746w\" sizes=\"auto, (max-width: 853px) 100vw, 853px\" \/> <img loading=\"lazy\" decoding=\"async\" class=\"alignnone size-full wp-image-77246\" src=\"https:\/\/jorgezanoni.com.br\/2019\/wp-content\/uploads\/2023\/06\/sj-Pequeno.jpg\" alt=\"\" width=\"721\" height=\"480\" srcset=\"https:\/\/jorgezanoni.com.br\/2019\/wp-content\/uploads\/2023\/06\/sj-Pequeno.jpg 721w, https:\/\/jorgezanoni.com.br\/2019\/wp-content\/uploads\/2023\/06\/sj-Pequeno-300x200.jpg 300w, https:\/\/jorgezanoni.com.br\/2019\/wp-content\/uploads\/2023\/06\/sj-Pequeno-696x463.jpg 696w, https:\/\/jorgezanoni.com.br\/2019\/wp-content\/uploads\/2023\/06\/sj-Pequeno-631x420.jpg 631w\" sizes=\"auto, (max-width: 721px) 100vw, 721px\" \/><\/p>\n<p>Fonte: Com. Social Pol\u00edcia Civil<\/p>\n","protected":false},"excerpt":{"rendered":"<p>A Pol\u00edcia Civil, por interm\u00e9dio da Delegacia Seccional de Pol\u00edcia de Dracena, promoveu e iniciou nesta ter\u00e7a-feira (13), uma s\u00e9rie de palestras sobre preven\u00e7\u00e3o ao uso nocivo de drogas, em comemora\u00e7\u00e3o ao \u201cDia Internacional contra o Abuso e Tr\u00e1fico Il\u00edcito de Drogas\u201d, que \u00e9 celebrado no dia 26 de junho, data que foi institu\u00edda pelas [&hellip;]<\/p>\n","protected":false},"author":1,"featured_media":77247,"comment_status":"closed","ping_status":"open","sticky":false,"template":"","format":"standard","meta":{"footnotes":""},"categories":[110,2],"tags":[],"class_list":["post-77244","post","type-post","status-publish","format-standard","has-post-thumbnail","hentry","category-noticiasdestaque","category-policial"],"_links":{"self":[{"href":"https:\/\/jorgezanoni.com.br\/2019\/wp-json\/wp\/v2\/posts\/77244","targetHints":{"allow":["GET"]}}],"collection":[{"href":"https:\/\/jorgezanoni.com.br\/2019\/wp-json\/wp\/v2\/posts"}],"about":[{"href":"https:\/\/jorgezanoni.com.br\/2019\/wp-json\/wp\/v2\/types\/post"}],"author":[{"embeddable":true,"href":"https:\/\/jorgezanoni.com.br\/2019\/wp-json\/wp\/v2\/users\/1"}],"replies":[{"embeddable":true,"href":"https:\/\/jorgezanoni.com.br\/2019\/wp-json\/wp\/v2\/comments?post=77244"}],"version-history":[{"count":1,"href":"https:\/\/jorgezanoni.com.br\/2019\/wp-json\/wp\/v2\/posts\/77244\/revisions"}],"predecessor-version":[{"id":77248,"href":"https:\/\/jorgezanoni.com.br\/2019\/wp-json\/wp\/v2\/posts\/77244\/revisions\/77248"}],"wp:featuredmedia":[{"embeddable":true,"href":"https:\/\/jorgezanoni.com.br\/2019\/wp-json\/wp\/v2\/media\/77247"}],"wp:attachment":[{"href":"https:\/\/jorgezanoni.com.br\/2019\/wp-json\/wp\/v2\/media?parent=77244"}],"wp:term":[{"taxonomy":"category","embeddable":true,"href":"https:\/\/jorgezanoni.com.br\/2019\/wp-json\/wp\/v2\/categories?post=77244"},{"taxonomy":"post_tag","embeddable":true,"href":"https:\/\/jorgezanoni.com.br\/2019\/wp-json\/wp\/v2\/tags?post=77244"}],"curies":[{"name":"wp","href":"https:\/\/api.w.org\/{rel}","templated":true}]}}