{"id":77241,"date":"2023-06-14T16:30:59","date_gmt":"2023-06-14T16:30:59","guid":{"rendered":"https:\/\/jorgezanoni.com.br\/2019\/?p=77241"},"modified":"2023-06-14T16:30:59","modified_gmt":"2023-06-14T16:30:59","slug":"sicredi-realiza-2a-edicao-do-summit-nacional-de-governanca","status":"publish","type":"post","link":"https:\/\/jorgezanoni.com.br\/2019\/sicredi-realiza-2a-edicao-do-summit-nacional-de-governanca\/","title":{"rendered":"Sicredi realiza 2\u00aa edi\u00e7\u00e3o do Summit Nacional de Governan\u00e7a"},"content":{"rendered":"<p style=\"text-align: justify;\"><strong><i>Lideran\u00e7as debateram sobre o modelo de neg\u00f3cio, o futuro da institui\u00e7\u00e3o financeira cooperativa e as iniciativas de ESG.<\/i><\/strong><\/p>\n<p style=\"text-align: justify;\">O Sicredi, institui\u00e7\u00e3o financeira cooperativa com mais de 6,5 milh\u00f5es de associados e presen\u00e7a em todos os estados brasileiros, realizou, nesta ter\u00e7a-feira (6), a segunda edi\u00e7\u00e3o do\u00a0<em>Summit<\/em>\u00a0Nacional de Governan\u00e7a. O evento reuniu conselheiros de administra\u00e7\u00e3o e fiscais bem como demais lideran\u00e7as do Sicredi que debateram temas como o novo ciclo estrat\u00e9gico do Sistema, o papel dos conselheiros na governan\u00e7a e os compromissos p\u00fablicos de sustentabilidade. Cerca de 1,3 mil pessoas participaram do encontro, realizado de forma on-line.<\/p>\n<p style=\"text-align: justify;\">Na abertura do evento, o presidente da SicrediPar, Fernando Dall&#8217;Agnese, iniciou agradecendo a participa\u00e7\u00e3o das lideran\u00e7as do Sicredi neste momento de debate. &#8220;Nosso modelo tem caracter\u00edsticas pr\u00f3prias, que oportuniza a participa\u00e7\u00e3o de todos, cooperativas, centrais, Centro Administrativo Sicredi (CAS) e, acima de tudo, do associado. \u00c9 a partir desse modelo participativo que valorizamos as diferentes opini\u00f5es e podemos avaliar riscos e oportunidades juntos, construindo e aprimorando esta institui\u00e7\u00e3o. Tenho certeza de que seguiremos assim, atuando de forma ativa, din\u00e2mica e colaborativa, por todos os anos que ainda vir\u00e3o&#8221;, afirmou.<\/p>\n<p style=\"text-align: justify;\">Na sequ\u00eancia, Andiara Petterle, conselheira independente da Sicredi Participa\u00e7\u00f5es, falou sobre o papel do conselho de administra\u00e7\u00e3o e destacou a import\u00e2ncia de um modelo de governan\u00e7a baseado no prop\u00f3sito. &#8220;Precisamos olhar para frente e nos questionar quais s\u00e3o os desafios, o que pode impactar no nosso neg\u00f3cio e garantir a humildade da organiza\u00e7\u00e3o, diante desses elementos transformadores. A verdade \u00e9 que o mercado vai mudar cada vez mais r\u00e1pido, n\u00e3o h\u00e1 uma linha de chegada na transforma\u00e7\u00e3o. Precisamos ter musculatura para continuar nos reinventando&#8221;, observou.<\/p>\n<p style=\"text-align: justify;\">Em sua apresenta\u00e7\u00e3o, Romeo Balzan, superintendente de Cooperativismo e Sustentabilidade do Sicredi, tamb\u00e9m salientou a velocidade das transforma\u00e7\u00f5es e a import\u00e2ncia dos compromissos p\u00fablicos. &#8220;Compromisso p\u00fablico tem a ver com a preserva\u00e7\u00e3o do planeta. Diz respeito a como evolu\u00edmos, sem prejudicar a capacidade evolutiva das pr\u00f3ximas gera\u00e7\u00f5es. \u00c9 um compromisso da organiza\u00e7\u00e3o com as partes interessadas, com a sociedade e com o planeta como um todo que precisamos assumir&#8221;, salientou.<\/p>\n<p style=\"text-align: justify;\">Por fim, C\u00e9sar Bochi, diretor executivo do Centro Administrativo Sicredi, falou sobre a constru\u00e7\u00e3o do novo ciclo estrat\u00e9gico da institui\u00e7\u00e3o financeira cooperativa. &#8220;Crescemos de maneira vigorosa, consistente e sustent\u00e1vel, com alto n\u00edvel de satisfa\u00e7\u00e3o dos nossos associados e colaboradores e gerando impacto positivo na sociedade. Temos muitas oportunidades de expans\u00e3o e desafios para os quais precisamos olhar juntos. O Sicredi tem um potencial imenso para fazer a diferen\u00e7a na vida de mais pessoas, levando a ess\u00eancia do cooperativismo para mais lugares&#8221;, finalizou.<\/p>\n<p style=\"text-align: justify;\">O objetivo do\u00a0<em>Summit<\/em>\u00a0foi proporcionar reflex\u00f5es sobre os assuntos atuais que envolvem o modelo de neg\u00f3cio do Sicredi, assim como permitir a sinergia das lideran\u00e7as sobre o futuro da institui\u00e7\u00e3o financeira cooperativa. Os presidentes das centrais do Sicredi e membros do conselho de administra\u00e7\u00e3o da SicrediPar, Jo\u00e3o Carlos Spenthof, Manfred Alfonso Dasenbrock, M\u00e1rcio Port e Wilson Ribeiro de Moraes Filho participaram do evento, al\u00e9m do presidente da Sicredi Uni\u00e3o Mato Grosso do Sul, Celso Ramos Regis, representando o presidente da Central Brasil Central, Celso Figueira.<\/p>\n<p style=\"text-align: justify;\"><strong><i>Sobre o Sicredi<\/i><\/strong><\/p>\n<p class=\"v1MsoNormal\" style=\"text-align: justify;\"><i>O Sicredi \u00e9 uma institui\u00e7\u00e3o financeira cooperativa comprometida com o crescimento de seus associados e com o desenvolvimento das regi\u00f5es onde atua. Possui um modelo de gest\u00e3o que valoriza a participa\u00e7\u00e3o dos mais de 6 milh\u00f5es de associados, que exercem o papel de donos do neg\u00f3cio. Com mais de 2.400 ag\u00eancias, o Sicredi est\u00e1 presente fisicamente em todos os estados brasileiros e no Distrito Federal, disponibilizando mais de 300 produtos e servi\u00e7os financeiros.<\/i><\/p>\n<p class=\"v1MsoNormal\" style=\"text-align: justify;\"><b><i>Site do Sicredi:\u00a0<a href=\"http:\/\/www.sicredi.com.br\/\" target=\"_blank\" rel=\"noopener noreferrer\">www.sicredi.com.br<\/a><\/i><\/b><\/p>\n<p class=\"v1MsoNormal\" style=\"text-align: justify;\"><b><i>Redes Sociais:\u00a0<\/i><\/b><em><b><u><span lang=\"EN-US\"><a href=\"http:\/\/www.facebook.com\/sicredicentrooestepaulista\" target=\"_blank\" rel=\"noopener noreferrer\"><i><span lang=\"PT-BR\">Facebook<\/span><\/i><\/a><\/span><\/u><\/b><\/em><em>\u00a0|<\/em>\u00a0<em><b><u><span lang=\"EN-US\"><a href=\"https:\/\/www.linkedin.com\/company\/sicredi-centro-oeste-paulista\/\" target=\"_blank\" rel=\"noopener noreferrer\"><i><span lang=\"PT-BR\">LinkedIn<\/span><\/i><\/a><\/span><\/u><\/b><\/em><em>\u00a0|<\/em>\u00a0<em><b><u><span lang=\"EN-US\"><a href=\"http:\/\/www.youtube.com\/sicredicentrooestepaulista\" target=\"_blank\" rel=\"noopener noreferrer\"><i><span lang=\"PT-BR\">YouTube<\/span><\/i><\/a><\/span><\/u><\/b><\/em><span lang=\"EN-US\">\u00a0<\/span><em>|\u00a0<\/em><em><b><u><span lang=\"EN-US\"><a href=\"http:\/\/www.instagram.com\/sicredicentrooestepaulista\" target=\"_blank\" rel=\"noopener noreferrer\"><i><span lang=\"PT-BR\">Instagram<\/span><\/i><\/a><\/span><\/u><\/b><\/em><\/p>\n<p style=\"text-align: justify;\">CAPA: O presidente da SicrediPar, Fernando Dall&#8217;Agnese, fez a abertura do evento<br \/>\n<i>Cr\u00e9ditos: divulga\u00e7\u00e3o<\/i><\/p>\n<p>Fonte: Comunica\u00e7\u00e3o e Marketing<\/p>\n","protected":false},"excerpt":{"rendered":"<p>Lideran\u00e7as debateram sobre o modelo de neg\u00f3cio, o futuro da institui\u00e7\u00e3o financeira cooperativa e as iniciativas de ESG. O Sicredi, institui\u00e7\u00e3o financeira cooperativa com mais de 6,5 milh\u00f5es de associados e presen\u00e7a em todos os estados brasileiros, realizou, nesta ter\u00e7a-feira (6), a segunda edi\u00e7\u00e3o do\u00a0Summit\u00a0Nacional de Governan\u00e7a. O evento reuniu conselheiros de administra\u00e7\u00e3o e fiscais [&hellip;]<\/p>\n","protected":false},"author":1,"featured_media":77242,"comment_status":"closed","ping_status":"open","sticky":false,"template":"","format":"standard","meta":{"footnotes":""},"categories":[110,116],"tags":[],"class_list":["post-77241","post","type-post","status-publish","format-standard","has-post-thumbnail","hentry","category-noticiasdestaque","category-politicaeeconomia"],"_links":{"self":[{"href":"https:\/\/jorgezanoni.com.br\/2019\/wp-json\/wp\/v2\/posts\/77241","targetHints":{"allow":["GET"]}}],"collection":[{"href":"https:\/\/jorgezanoni.com.br\/2019\/wp-json\/wp\/v2\/posts"}],"about":[{"href":"https:\/\/jorgezanoni.com.br\/2019\/wp-json\/wp\/v2\/types\/post"}],"author":[{"embeddable":true,"href":"https:\/\/jorgezanoni.com.br\/2019\/wp-json\/wp\/v2\/users\/1"}],"replies":[{"embeddable":true,"href":"https:\/\/jorgezanoni.com.br\/2019\/wp-json\/wp\/v2\/comments?post=77241"}],"version-history":[{"count":1,"href":"https:\/\/jorgezanoni.com.br\/2019\/wp-json\/wp\/v2\/posts\/77241\/revisions"}],"predecessor-version":[{"id":77243,"href":"https:\/\/jorgezanoni.com.br\/2019\/wp-json\/wp\/v2\/posts\/77241\/revisions\/77243"}],"wp:featuredmedia":[{"embeddable":true,"href":"https:\/\/jorgezanoni.com.br\/2019\/wp-json\/wp\/v2\/media\/77242"}],"wp:attachment":[{"href":"https:\/\/jorgezanoni.com.br\/2019\/wp-json\/wp\/v2\/media?parent=77241"}],"wp:term":[{"taxonomy":"category","embeddable":true,"href":"https:\/\/jorgezanoni.com.br\/2019\/wp-json\/wp\/v2\/categories?post=77241"},{"taxonomy":"post_tag","embeddable":true,"href":"https:\/\/jorgezanoni.com.br\/2019\/wp-json\/wp\/v2\/tags?post=77241"}],"curies":[{"name":"wp","href":"https:\/\/api.w.org\/{rel}","templated":true}]}}