{"id":77238,"date":"2023-06-14T16:17:19","date_gmt":"2023-06-14T16:17:19","guid":{"rendered":"https:\/\/jorgezanoni.com.br\/2019\/?p=77238"},"modified":"2023-06-14T16:17:19","modified_gmt":"2023-06-14T16:17:19","slug":"fcat-abre-processo-seletivo-para-enfermeiro","status":"publish","type":"post","link":"https:\/\/jorgezanoni.com.br\/2019\/fcat-abre-processo-seletivo-para-enfermeiro\/","title":{"rendered":"FCAT abre processo seletivo para\u00a0Enfermeiro"},"content":{"rendered":"<div>\n<div style=\"text-align: justify;\"><b>As inscri\u00e7\u00f5es iniciam em 13\/06\/2023<\/b><\/div>\n<\/div>\n<div style=\"text-align: justify;\">\n<div>\n<div>\n<p>At\u00e9 o dia 22\/06\/2023 est\u00e3o abertas as inscri\u00e7\u00f5es para o processo seletivo para a contrata\u00e7\u00e3o de profissionais de sa\u00fade Enfermeiro para a Unesp de Dracena. As inscri\u00e7\u00f5es podem ser feitas por meio do link abaixo:<\/p>\n<p><a href=\"https:\/\/www.famesp.org.br\/processos-seletivos-efe.php?id_emp=19&amp;id_pro=01102023\" target=\"_blank\" rel=\"noopener noreferrer\">https:\/\/www.famesp.org.br\/processos-seletivos-efe.php?id_emp=19&amp;id_pro=01102023<\/a><\/p>\n<p>A taxa de inscri\u00e7\u00e3o \u00e9 de R$ 100,00 e a prova ser\u00e1 realizada no dia 1\u00ba de julho de 2023 em Dracena\/SP.<\/p>\n<p>Por meio do mesmo link, \u00e9 poss\u00edvel acessar os detalhes do processo seletivo que est\u00e3o previstos no EDITAL N\u00ba 110\/2023 \u2013 FAMESP-RH\u00a0 (<span class=\"v1gmail-il\">Enfermeiro<\/span>).<\/p>\n<\/div>\n<\/div>\n<\/div>\n<div>\n<div dir=\"ltr\">\n<div dir=\"ltr\" style=\"text-align: justify;\">Diretoria<br \/>\nFaculdade de Ci\u00eancias Agr\u00e1rias e Tecnol\u00f3gicas &#8211; FCAT<\/div>\n<\/div>\n<\/div>\n","protected":false},"excerpt":{"rendered":"<p>As inscri\u00e7\u00f5es iniciam em 13\/06\/2023 At\u00e9 o dia 22\/06\/2023 est\u00e3o abertas as inscri\u00e7\u00f5es para o processo seletivo para a contrata\u00e7\u00e3o de profissionais de sa\u00fade Enfermeiro para a Unesp de Dracena. As inscri\u00e7\u00f5es podem ser feitas por meio do link abaixo: https:\/\/www.famesp.org.br\/processos-seletivos-efe.php?id_emp=19&amp;id_pro=01102023 A taxa de inscri\u00e7\u00e3o \u00e9 de R$ 100,00 e a prova ser\u00e1 realizada no [&hellip;]<\/p>\n","protected":false},"author":1,"featured_media":77239,"comment_status":"closed","ping_status":"open","sticky":false,"template":"","format":"standard","meta":{"footnotes":""},"categories":[110,122],"tags":[],"class_list":["post-77238","post","type-post","status-publish","format-standard","has-post-thumbnail","hentry","category-noticiasdestaque","category-saudeeducacaoeconcurso"],"_links":{"self":[{"href":"https:\/\/jorgezanoni.com.br\/2019\/wp-json\/wp\/v2\/posts\/77238","targetHints":{"allow":["GET"]}}],"collection":[{"href":"https:\/\/jorgezanoni.com.br\/2019\/wp-json\/wp\/v2\/posts"}],"about":[{"href":"https:\/\/jorgezanoni.com.br\/2019\/wp-json\/wp\/v2\/types\/post"}],"author":[{"embeddable":true,"href":"https:\/\/jorgezanoni.com.br\/2019\/wp-json\/wp\/v2\/users\/1"}],"replies":[{"embeddable":true,"href":"https:\/\/jorgezanoni.com.br\/2019\/wp-json\/wp\/v2\/comments?post=77238"}],"version-history":[{"count":1,"href":"https:\/\/jorgezanoni.com.br\/2019\/wp-json\/wp\/v2\/posts\/77238\/revisions"}],"predecessor-version":[{"id":77240,"href":"https:\/\/jorgezanoni.com.br\/2019\/wp-json\/wp\/v2\/posts\/77238\/revisions\/77240"}],"wp:featuredmedia":[{"embeddable":true,"href":"https:\/\/jorgezanoni.com.br\/2019\/wp-json\/wp\/v2\/media\/77239"}],"wp:attachment":[{"href":"https:\/\/jorgezanoni.com.br\/2019\/wp-json\/wp\/v2\/media?parent=77238"}],"wp:term":[{"taxonomy":"category","embeddable":true,"href":"https:\/\/jorgezanoni.com.br\/2019\/wp-json\/wp\/v2\/categories?post=77238"},{"taxonomy":"post_tag","embeddable":true,"href":"https:\/\/jorgezanoni.com.br\/2019\/wp-json\/wp\/v2\/tags?post=77238"}],"curies":[{"name":"wp","href":"https:\/\/api.w.org\/{rel}","templated":true}]}}