{"id":77233,"date":"2023-06-14T15:33:13","date_gmt":"2023-06-14T15:33:13","guid":{"rendered":"https:\/\/jorgezanoni.com.br\/2019\/?p=77233"},"modified":"2023-06-14T15:33:13","modified_gmt":"2023-06-14T15:33:13","slug":"unifadra-realiza-oficina-de-danca-circular","status":"publish","type":"post","link":"https:\/\/jorgezanoni.com.br\/2019\/unifadra-realiza-oficina-de-danca-circular\/","title":{"rendered":"Unifadra realiza oficina de dan\u00e7a circular"},"content":{"rendered":"<p style=\"text-align: justify;\"><span style=\"font-size: large;\">Os alunos do curso de Educa\u00e7\u00e3o F\u00edsica da Unifadra participaram, no dia 31 de maio, de uma oficina de dan\u00e7a circular com Rosy Mary Scalabrini, professora de educa\u00e7\u00e3o musical, regente de coral e orquestra, focalizadora de dan\u00e7a circular e dirigente de dan\u00e7a s\u00eanior.<\/span><\/p>\n<p><span style=\"font-size: large;\">A atividade foi organizada pela Profa. Esp. Regina Aparecida Machado da Silva Inoc\u00eancio, com o objetivo de mostrar o papel e a import\u00e2ncia da dan\u00e7a na pr\u00e1tica educativa. &#8220;Na dan\u00e7a circular n\u00e3o h\u00e1 preocupa\u00e7\u00f5es com os passos ou o ritmo, todos dan\u00e7am da melhor forma que puderem, pois o objetivo principal n\u00e3o \u00e9 aprender a dan\u00e7a em si, mas a experi\u00eancia de dan\u00e7\u00e1-la&#8221;, finaliza.<\/span><\/p>\n<p><span style=\"font-size: large;\">Regina ainda ressalta que a dan\u00e7a circular faz um resgate de forma natural e espont\u00e2nea das manifesta\u00e7\u00f5es expressivas da nossa cultura, al\u00e9m de promover a consci\u00eancia corporal, o fortalecimento da coordena\u00e7\u00e3o motora e a valoriza\u00e7\u00e3o de atitudes cooperativas, da empatia, do sentimento de pertencimento e da organiza\u00e7\u00e3o coletiva.<\/span><\/p>\n<p><span style=\"font-size: large;\">Segundo a coordenadora do curso de Educa\u00e7\u00e3o\u00a0<\/span>F\u00edsica Profa. Dra.<span style=\"font-size: large;\">\u00a0Denise Bueno, a oficina foi uma experi\u00eancia enriquecedora para os alunos, pois tamb\u00e9m apresentou o papel do focalizador para a realiza\u00e7\u00e3o de uma atividade, al\u00e9m da did\u00e1tica e das metodologias que podem ser aplicadas.<\/span><\/p>\n<p><img loading=\"lazy\" decoding=\"async\" class=\"alignnone size-full wp-image-77234\" src=\"https:\/\/jorgezanoni.com.br\/2019\/wp-content\/uploads\/2023\/06\/danca-03.jpeg\" alt=\"\" width=\"1024\" height=\"1024\" srcset=\"https:\/\/jorgezanoni.com.br\/2019\/wp-content\/uploads\/2023\/06\/danca-03.jpeg 1024w, https:\/\/jorgezanoni.com.br\/2019\/wp-content\/uploads\/2023\/06\/danca-03-300x300.jpeg 300w, https:\/\/jorgezanoni.com.br\/2019\/wp-content\/uploads\/2023\/06\/danca-03-150x150.jpeg 150w, https:\/\/jorgezanoni.com.br\/2019\/wp-content\/uploads\/2023\/06\/danca-03-768x768.jpeg 768w, https:\/\/jorgezanoni.com.br\/2019\/wp-content\/uploads\/2023\/06\/danca-03-696x696.jpeg 696w, https:\/\/jorgezanoni.com.br\/2019\/wp-content\/uploads\/2023\/06\/danca-03-420x420.jpeg 420w\" sizes=\"auto, (max-width: 1024px) 100vw, 1024px\" \/><img loading=\"lazy\" decoding=\"async\" class=\"alignnone size-full wp-image-77235\" src=\"https:\/\/jorgezanoni.com.br\/2019\/wp-content\/uploads\/2023\/06\/danca-01.jpeg\" alt=\"\" width=\"700\" height=\"700\" srcset=\"https:\/\/jorgezanoni.com.br\/2019\/wp-content\/uploads\/2023\/06\/danca-01.jpeg 700w, https:\/\/jorgezanoni.com.br\/2019\/wp-content\/uploads\/2023\/06\/danca-01-300x300.jpeg 300w, https:\/\/jorgezanoni.com.br\/2019\/wp-content\/uploads\/2023\/06\/danca-01-150x150.jpeg 150w, https:\/\/jorgezanoni.com.br\/2019\/wp-content\/uploads\/2023\/06\/danca-01-696x696.jpeg 696w, https:\/\/jorgezanoni.com.br\/2019\/wp-content\/uploads\/2023\/06\/danca-01-420x420.jpeg 420w\" sizes=\"auto, (max-width: 700px) 100vw, 700px\" \/>\u00a0Fonte: Depto. de Comunica\u00e7\u00e3o da Fundec<\/p>\n","protected":false},"excerpt":{"rendered":"<p>Os alunos do curso de Educa\u00e7\u00e3o F\u00edsica da Unifadra participaram, no dia 31 de maio, de uma oficina de dan\u00e7a circular com Rosy Mary Scalabrini, professora de educa\u00e7\u00e3o musical, regente de coral e orquestra, focalizadora de dan\u00e7a circular e dirigente de dan\u00e7a s\u00eanior. A atividade foi organizada pela Profa. Esp. Regina Aparecida Machado da Silva [&hellip;]<\/p>\n","protected":false},"author":1,"featured_media":77236,"comment_status":"closed","ping_status":"open","sticky":false,"template":"","format":"standard","meta":{"footnotes":""},"categories":[110,122],"tags":[],"class_list":["post-77233","post","type-post","status-publish","format-standard","has-post-thumbnail","hentry","category-noticiasdestaque","category-saudeeducacaoeconcurso"],"_links":{"self":[{"href":"https:\/\/jorgezanoni.com.br\/2019\/wp-json\/wp\/v2\/posts\/77233","targetHints":{"allow":["GET"]}}],"collection":[{"href":"https:\/\/jorgezanoni.com.br\/2019\/wp-json\/wp\/v2\/posts"}],"about":[{"href":"https:\/\/jorgezanoni.com.br\/2019\/wp-json\/wp\/v2\/types\/post"}],"author":[{"embeddable":true,"href":"https:\/\/jorgezanoni.com.br\/2019\/wp-json\/wp\/v2\/users\/1"}],"replies":[{"embeddable":true,"href":"https:\/\/jorgezanoni.com.br\/2019\/wp-json\/wp\/v2\/comments?post=77233"}],"version-history":[{"count":1,"href":"https:\/\/jorgezanoni.com.br\/2019\/wp-json\/wp\/v2\/posts\/77233\/revisions"}],"predecessor-version":[{"id":77237,"href":"https:\/\/jorgezanoni.com.br\/2019\/wp-json\/wp\/v2\/posts\/77233\/revisions\/77237"}],"wp:featuredmedia":[{"embeddable":true,"href":"https:\/\/jorgezanoni.com.br\/2019\/wp-json\/wp\/v2\/media\/77236"}],"wp:attachment":[{"href":"https:\/\/jorgezanoni.com.br\/2019\/wp-json\/wp\/v2\/media?parent=77233"}],"wp:term":[{"taxonomy":"category","embeddable":true,"href":"https:\/\/jorgezanoni.com.br\/2019\/wp-json\/wp\/v2\/categories?post=77233"},{"taxonomy":"post_tag","embeddable":true,"href":"https:\/\/jorgezanoni.com.br\/2019\/wp-json\/wp\/v2\/tags?post=77233"}],"curies":[{"name":"wp","href":"https:\/\/api.w.org\/{rel}","templated":true}]}}