{"id":77230,"date":"2023-06-14T01:33:39","date_gmt":"2023-06-14T01:33:39","guid":{"rendered":"https:\/\/jorgezanoni.com.br\/2019\/?p=77230"},"modified":"2023-06-14T01:33:39","modified_gmt":"2023-06-14T01:33:39","slug":"no-presente-com-saudades-do-passado-por-sergio-barbosa-2","status":"publish","type":"post","link":"https:\/\/jorgezanoni.com.br\/2019\/no-presente-com-saudades-do-passado-por-sergio-barbosa-2\/","title":{"rendered":"No presente com saudades do passado&#8230; (por S\u00e9rgio Barbosa)"},"content":{"rendered":"<p style=\"text-align: justify;\">NO PRESENTE COM SAUDADES DO PASSADO&#8230;<em>\u00a0<\/em><\/p>\n<p style=\"text-align: justify;\"><em>\u201c&#8230; n\u00e3o preciso que me digam onde nasce o sol, porque bate l\u00e1 meu cora\u00e7\u00e3o&#8230;\u201d (Belchior)<\/em><strong><em>\u00a0<\/em><\/strong><\/p>\n<p style=\"text-align: justify;\"><strong><em>S\u00e9rgio Barbosa (*)<\/em><\/strong><\/p>\n<p style=\"text-align: justify;\">Faz mais ou menos uns 2 meses, estive alguns dias em minha cidade natal, Ourinhos, localizada na divisa com o estado do Paran\u00e1 (norte)&#8230;<\/p>\n<p style=\"text-align: justify;\">Foram momentos maravilhosos com familiares e alguns amigos dos velhos e bons tempos, isso nos saudosos anos 70, quando tudo era apenas um detalhe e nada mais para aqueles meninos sonhadores do interior paulista&#8230;<\/p>\n<p style=\"text-align: justify;\">Neste encontro com o passado em meio ao presente, percebe-se que o tempo continua implac\u00e1vel com as pessoas e o contexto em que as mesmas vivem e muitas sobrevivem em total desconforto para um olhar distante e perdido em suas pr\u00f3prias contradi\u00e7\u00f5es humanas&#8230;<\/p>\n<p style=\"text-align: justify;\">A cidade cresceu e muitos nestes \u00faltimos anos, criando condi\u00e7\u00f5es para um outro modo de viver e deixar a vida levar de uma maneira simples e complexa ao mesmo tempo para os\/as ourinhenses&#8230;<\/p>\n<p style=\"text-align: justify;\">Os amigos de outrora est\u00e3o em outra agora, quem sabe, tentando levar as coisas da melhor forma poss\u00edvel, tendo em vista as necessidades de novo tempo que chega com a p\u00f3s-globaliza\u00e7\u00e3o midi\u00e1tica, ainda, mediada pela tal IA- Intelig\u00eancia Artificial&#8230;<\/p>\n<p style=\"text-align: justify;\">Os dias em terras provincianas, isso mesmo caro leitor, minha cidade natal, como tantas outras do Pa\u00eds do faz de conta n\u00e3o passa de uma prov\u00edncia qualquer, ainda, tendo problemas id\u00eanticos \u00e0s demais cidades do interior do interior paulista&#8230;<\/p>\n<p style=\"text-align: justify;\">Assim passaram os dias em meio aos desencontros de um encontro sem mais e sem menos, jogando conversa foram como dizem os homens simples de uma cidade qualquer&#8230;<\/p>\n<p style=\"text-align: justify;\">Por\u00e9m, o olhar frente \u00e0s mudan\u00e7as na terra natal sempre deixa marcas pelas estradas de uma viagem sem volta pelo passado de um tempo calado&#8230;<\/p>\n<p style=\"text-align: justify;\">As lembran\u00e7as ficam em nosso interior como recompensa pelos momentos vividos nesta prov\u00edncia ourinhense, entretanto, novos desafios s\u00e3o colocados em nosso caminho como forma de preserva\u00e7\u00e3o da simplicidade caipira neste contexto glocal, do global para o local&#8230;<\/p>\n<p style=\"text-align: justify;\">Fica, como sempre, a saudade do passado de um presente com futuro, claro, tudo muda disse o pensador do outro tempo, assim, o melhor \u00e9 levar a vida sem perder as ra\u00edzes do que se foi um dia, quando tudo era apenas um detalhe e nada mais em meio ao tudo de menos&#8230;<\/p>\n<p style=\"text-align: justify;\"><em>__________________________________<\/em><\/p>\n<p style=\"text-align: justify;\"><em>(*) Jornalista diplomado e PROVINCIANO da cidade de OURINHOS, SP&#8230;<\/em><\/p>\n<p style=\"text-align: justify;\"><em>E-mail: barbosa.<a href=\"mailto:sebar@gmail.com\">sebar@gmail.com<\/a><\/em><\/p>\n<p>&nbsp;<\/p>\n","protected":false},"excerpt":{"rendered":"<p>NO PRESENTE COM SAUDADES DO PASSADO&#8230;\u00a0 \u201c&#8230; n\u00e3o preciso que me digam onde nasce o sol, porque bate l\u00e1 meu cora\u00e7\u00e3o&#8230;\u201d (Belchior)\u00a0 S\u00e9rgio Barbosa (*) Faz mais ou menos uns 2 meses, estive alguns dias em minha cidade natal, Ourinhos, localizada na divisa com o estado do Paran\u00e1 (norte)&#8230; Foram momentos maravilhosos com familiares e [&hellip;]<\/p>\n","protected":false},"author":1,"featured_media":77231,"comment_status":"closed","ping_status":"open","sticky":false,"template":"","format":"standard","meta":{"footnotes":""},"categories":[175],"tags":[],"class_list":["post-77230","post","type-post","status-publish","format-standard","has-post-thumbnail","hentry","category-artigos"],"_links":{"self":[{"href":"https:\/\/jorgezanoni.com.br\/2019\/wp-json\/wp\/v2\/posts\/77230","targetHints":{"allow":["GET"]}}],"collection":[{"href":"https:\/\/jorgezanoni.com.br\/2019\/wp-json\/wp\/v2\/posts"}],"about":[{"href":"https:\/\/jorgezanoni.com.br\/2019\/wp-json\/wp\/v2\/types\/post"}],"author":[{"embeddable":true,"href":"https:\/\/jorgezanoni.com.br\/2019\/wp-json\/wp\/v2\/users\/1"}],"replies":[{"embeddable":true,"href":"https:\/\/jorgezanoni.com.br\/2019\/wp-json\/wp\/v2\/comments?post=77230"}],"version-history":[{"count":1,"href":"https:\/\/jorgezanoni.com.br\/2019\/wp-json\/wp\/v2\/posts\/77230\/revisions"}],"predecessor-version":[{"id":77232,"href":"https:\/\/jorgezanoni.com.br\/2019\/wp-json\/wp\/v2\/posts\/77230\/revisions\/77232"}],"wp:featuredmedia":[{"embeddable":true,"href":"https:\/\/jorgezanoni.com.br\/2019\/wp-json\/wp\/v2\/media\/77231"}],"wp:attachment":[{"href":"https:\/\/jorgezanoni.com.br\/2019\/wp-json\/wp\/v2\/media?parent=77230"}],"wp:term":[{"taxonomy":"category","embeddable":true,"href":"https:\/\/jorgezanoni.com.br\/2019\/wp-json\/wp\/v2\/categories?post=77230"},{"taxonomy":"post_tag","embeddable":true,"href":"https:\/\/jorgezanoni.com.br\/2019\/wp-json\/wp\/v2\/tags?post=77230"}],"curies":[{"name":"wp","href":"https:\/\/api.w.org\/{rel}","templated":true}]}}