{"id":7722,"date":"2019-10-02T00:28:44","date_gmt":"2019-10-02T00:28:44","guid":{"rendered":"https:\/\/jorgezanoni.com.br\/2019\/?p=7722"},"modified":"2019-10-02T00:28:44","modified_gmt":"2019-10-02T00:28:44","slug":"cantora-perla-paraguaia-estara-em-dracena-neste-sabado","status":"publish","type":"post","link":"https:\/\/jorgezanoni.com.br\/2019\/cantora-perla-paraguaia-estara-em-dracena-neste-sabado\/","title":{"rendered":"Cantora Perla Paraguaia estar\u00e1 em Dracena neste s\u00e1bado"},"content":{"rendered":"<p style=\"text-align: justify;\">Show da PERLA Paraguaia em Dracena no Andrade Eventos. Mesas: R$ 120,00 c\/ por\u00e7\u00e3o gr\u00e1tis (4 lugares, sem reserva)<\/p>\n<p><img loading=\"lazy\" decoding=\"async\" class=\"alignnone size-full wp-image-7723\" src=\"https:\/\/jorgezanoni.com.br\/2019\/wp-content\/uploads\/2019\/10\/Perla1.jpg\" alt=\"\" width=\"1000\" height=\"665\" srcset=\"https:\/\/jorgezanoni.com.br\/2019\/wp-content\/uploads\/2019\/10\/Perla1.jpg 1000w, https:\/\/jorgezanoni.com.br\/2019\/wp-content\/uploads\/2019\/10\/Perla1-300x200.jpg 300w, https:\/\/jorgezanoni.com.br\/2019\/wp-content\/uploads\/2019\/10\/Perla1-768x511.jpg 768w, https:\/\/jorgezanoni.com.br\/2019\/wp-content\/uploads\/2019\/10\/Perla1-696x463.jpg 696w, https:\/\/jorgezanoni.com.br\/2019\/wp-content\/uploads\/2019\/10\/Perla1-632x420.jpg 632w\" sizes=\"auto, (max-width: 1000px) 100vw, 1000px\" \/><\/p>\n<p style=\"text-align: justify;\">Mesas com reserva (4 lugares): R$ 150,00, com direito a uma por\u00e7\u00e3o gr\u00e1tis.<\/p>\n<p style=\"text-align: justify;\">15 milh\u00f5es de \u00e1lbuns vendidos em quase 50 anos de carreira, 11 discos de ouro, dois de platina e um de platina duplo.<\/p>\n<p style=\"text-align: justify;\">Grandes sucessos como Fernando (ABBA), Pequenina (ABBA &#8211; Chiquitita), Rios da Babil\u00f4nia, Mercedita, \u00cdndia e outros.<\/p>\n<p style=\"text-align: justify;\">Completo servi\u00e7o de bar no local.<\/p>\n<p style=\"text-align: justify;\">Contatos para vendas de mesas: (18) 99739-1553 (Vladimir); (18) 99777-0250 (Vino); Malhas S\u00f3 Kilo (Av. Jos\u00e9 Bonif\u00e1cio, 1499, Dracena, (18) 3822-4555) e Relojoaria Toniolo (Pra\u00e7a Arthur Pagnozzi, 31, Dracena, (18) 3821-1786).<\/p>\n","protected":false},"excerpt":{"rendered":"<p>Show da PERLA Paraguaia em Dracena no Andrade Eventos. Mesas: R$ 120,00 c\/ por\u00e7\u00e3o gr\u00e1tis (4 lugares, sem reserva) Mesas com reserva (4 lugares): R$ 150,00, com direito a uma por\u00e7\u00e3o gr\u00e1tis. 15 milh\u00f5es de \u00e1lbuns vendidos em quase 50 anos de carreira, 11 discos de ouro, dois de platina e um de platina duplo. [&hellip;]<\/p>\n","protected":false},"author":1,"featured_media":7724,"comment_status":"closed","ping_status":"open","sticky":false,"template":"","format":"standard","meta":{"footnotes":""},"categories":[183,110],"tags":[],"class_list":["post-7722","post","type-post","status-publish","format-standard","has-post-thumbnail","hentry","category-musicaeturismo","category-noticiasdestaque"],"_links":{"self":[{"href":"https:\/\/jorgezanoni.com.br\/2019\/wp-json\/wp\/v2\/posts\/7722","targetHints":{"allow":["GET"]}}],"collection":[{"href":"https:\/\/jorgezanoni.com.br\/2019\/wp-json\/wp\/v2\/posts"}],"about":[{"href":"https:\/\/jorgezanoni.com.br\/2019\/wp-json\/wp\/v2\/types\/post"}],"author":[{"embeddable":true,"href":"https:\/\/jorgezanoni.com.br\/2019\/wp-json\/wp\/v2\/users\/1"}],"replies":[{"embeddable":true,"href":"https:\/\/jorgezanoni.com.br\/2019\/wp-json\/wp\/v2\/comments?post=7722"}],"version-history":[{"count":0,"href":"https:\/\/jorgezanoni.com.br\/2019\/wp-json\/wp\/v2\/posts\/7722\/revisions"}],"wp:featuredmedia":[{"embeddable":true,"href":"https:\/\/jorgezanoni.com.br\/2019\/wp-json\/wp\/v2\/media\/7724"}],"wp:attachment":[{"href":"https:\/\/jorgezanoni.com.br\/2019\/wp-json\/wp\/v2\/media?parent=7722"}],"wp:term":[{"taxonomy":"category","embeddable":true,"href":"https:\/\/jorgezanoni.com.br\/2019\/wp-json\/wp\/v2\/categories?post=7722"},{"taxonomy":"post_tag","embeddable":true,"href":"https:\/\/jorgezanoni.com.br\/2019\/wp-json\/wp\/v2\/tags?post=7722"}],"curies":[{"name":"wp","href":"https:\/\/api.w.org\/{rel}","templated":true}]}}