{"id":77179,"date":"2023-06-12T19:27:34","date_gmt":"2023-06-12T19:27:34","guid":{"rendered":"https:\/\/jorgezanoni.com.br\/2019\/?p=77179"},"modified":"2023-06-12T19:34:21","modified_gmt":"2023-06-12T19:34:21","slug":"radar-na-sp-294-km-646-justica-determina-em-decisao-final-que-mutas-nao-devem-serem-pagas","status":"publish","type":"post","link":"https:\/\/jorgezanoni.com.br\/2019\/radar-na-sp-294-km-646-justica-determina-em-decisao-final-que-mutas-nao-devem-serem-pagas\/","title":{"rendered":"RADAR NA SP-294, KM. 646: Justi\u00e7a determina em decis\u00e3o final que multas n\u00e3o devem serem pagas"},"content":{"rendered":"<p style=\"text-align: justify;\"><strong>O Site Jorge Zanoni, primeiro \u00f3rg\u00e3o de Imprensa a comentar sobre as possiveis cobran\u00e7as indevidas atrav\u00e9s de Radar instalado no Km. 646 da Rodovia Comandante Jo\u00e3o Ribeiro de Barros, SP-294 em Dracena, veja mat\u00e9ria (abaixo), vem a p\u00fablico informar a pedido do Minist\u00e9rio P\u00fablico a DECIS\u00c3O FINAL da A\u00e7\u00e3o que envolveu milhares de condutores e classes sociais de Dracena e regi\u00e3o.<\/strong><\/p>\n<p><strong>UMA DAS MAT\u00c9RIAS DO SITE JZ EM 16 DE DEZEMBRO DE 2.020\u00a0<\/strong><\/p>\n<blockquote class=\"wp-embedded-content\" data-secret=\"achA5sqxIV\"><p><a href=\"https:\/\/jorgezanoni.com.br\/2019\/liminar-e-concedida-e-motoristas-que-foram-autuados-no-radar-do-km-646-da-sp-294-tem-suspensao-da-cobranca-de-multas\/\">Liminar \u00e9 concedida e motoristas que foram autuados no Radar do Km 646 da SP-294. tem suspens\u00e3o da cobran\u00e7a de multas<\/a><\/p><\/blockquote>\n<p><iframe loading=\"lazy\" class=\"wp-embedded-content\" sandbox=\"allow-scripts\" security=\"restricted\" style=\"position: absolute; clip: rect(1px, 1px, 1px, 1px);\" title=\"&#8220;Liminar \u00e9 concedida e motoristas que foram autuados no Radar do Km 646 da SP-294. tem suspens\u00e3o da cobran\u00e7a de multas&#8221; &#8212; Jorge Zanoni\" src=\"https:\/\/jorgezanoni.com.br\/2019\/liminar-e-concedida-e-motoristas-que-foram-autuados-no-radar-do-km-646-da-sp-294-tem-suspensao-da-cobranca-de-multas\/embed\/#?secret=yD3cVdH7P3#?secret=achA5sqxIV\" data-secret=\"achA5sqxIV\" width=\"600\" height=\"338\" frameborder=\"0\" marginwidth=\"0\" marginheight=\"0\" scrolling=\"no\"><\/iframe><\/p>\n<p style=\"text-align: justify;\"><strong>LEIA A DECIS\u00c3O DA A\u00c7\u00c3O DO MINIST\u00c9RIO P\u00daBLICO, PROFERIDA PELO DR. MARCUS FRAZ\u00c3O FROTA, JUIZ DE DIREITO DA COMARCA DE DRACENA.<\/strong><\/p>\n<p style=\"text-align: justify;\"><strong>CERTID\u00c3O DE TR\u00c2NSITO EM JULGADO E AC\u00d3RD\u00c3O &#8211; ACP N\u00ba 1004021-85.2020.8,26.0168<\/strong><\/p>\n<p><strong>PRIMEIRA PROMOTORIA DE JUSTI\u00c7A DE DRACENA.<\/strong><\/p>\n<p style=\"text-align: justify;\">Diante da repercuss\u00e3o social advinda da transforma\u00e7\u00e3o dos aparelhos controladores de tr\u00e1fego localizados no KM 646 da Rodovia SP 294 em controladores de velocidade, fato que resultou na imposi\u00e7\u00e3o de milhares de autua\u00e7\u00f5es de tr\u00e2nsito por excesso de velocidade, no dia 10 de dezembro de 2020 o Minist\u00e9rio P\u00fablico do Estado de S\u00e3o Paulo, atrav\u00e9s da 1\u00aa Promotoria de Justi\u00e7a de Dracena, ajuizou A\u00e7\u00e3o Civil P\u00fablica em face do DEPARTAMENTO DE ESTRADAS E RODAGEM DO ESTADO DE S\u00c3O PAULO &#8211; DER e do DEPARTAMENTO ESTADUAL DE TR\u00c2NSITO &#8211; DETRAN, visando \u00e0 anula\u00e7\u00e3o dos atos administrativos praticados pelo DER\/SP que resultaram na instala\u00e7\u00e3o e in\u00edcio de opera\u00e7\u00f5es dos radares DER n\u00bas 17013 e 17014. O Minist\u00e9rio P\u00fablico requereu tamb\u00e9m a anula\u00e7\u00e3o de todas as autua\u00e7\u00f5es de tr\u00e2nsito relacionadas a excesso de velocidade registradas pelos referidos aparelhos, incluindo todos os seus efeitos, como multas, pontua\u00e7\u00e3o na CNH etc., desde o in\u00edcio das opera\u00e7\u00f5es dos radares, bem como a exclus\u00e3o, em definitivo, da pontua\u00e7\u00e3o atribu\u00edda e registrada na CNH dos condutores autuados e o cancelamento de todas as multas ainda n\u00e3o recolhidas e devolu\u00e7\u00e3o de todos os valores recolhidos em virtude das autua\u00e7\u00f5es em quest\u00e3o.<\/p>\n<p style=\"text-align: justify;\">Em 11 de dezembro de 2020, o Ju\u00edzo da 2\u00aa Vara C\u00edvel da Comarca de Dracena deferiu a tutela de urg\u00eancia e determinou a SUSPENS\u00c3O IMEDIATA, da fun\u00e7\u00e3o de fiscaliza\u00e7\u00e3o de velocidade dos radares DER n\u00bas 17013 e 17014, a SUSPENS\u00c3O dos efeitos de todas as multas por excesso de velocidade e a SUSPENS\u00c3O dos efeitos das autua\u00e7\u00f5es e os respectivos pontos eventualmente j\u00e1 lan\u00e7ados no cadastro das CNHs dos condutores.<\/p>\n<p style=\"text-align: justify;\">Por senten\u00e7a proferida em 9 de fevereiro de 2022, a a\u00e7\u00e3o civil p\u00fablica foi jugada procedente confirmando a tutela de urg\u00eancia, para o fim de:<\/p>\n<p style=\"text-align: justify;\">\u201cA) DECLARAR nulos todos os atos administrativos referentes ao procedimento administrativo DER n\u00ba 1822036\/2020 quanto \u00e0s opera\u00e7\u00f5es dos radares fixos DER n\u00ba 17013 e 17014 instalados no km 646, da rodovia SP 294, Comandante Jo\u00e3o Ribeiro de Barros;<\/p>\n<ol style=\"text-align: justify;\">\n<li>B) DETERMINAR a cessa\u00e7\u00e3o da fun\u00e7\u00e3o de fiscaliza\u00e7\u00e3o de velocidade dos radares DER n\u00ba 17013 e 17014 instalados no km 646, da rodovia SP 294, Comandante Jo\u00e3o Ribeiro de Barros at\u00e9 ulterior regulariza\u00e7\u00e3o das ilegalidades ora indicadas;<\/li>\n<li>C) DECLARAR NULAS todas as autua\u00e7\u00f5es de tr\u00e2nsito, incluindo todos seus efeitos, multas, pontua\u00e7\u00e3o na Carteira Nacional de Habilita\u00e7\u00e3o, desde o in\u00edcio das opera\u00e7\u00f5es, dos radares fixos DER n\u00ba 17013 e 17014 instalados no km 646, da rodovia SP 294, Comandante Jo\u00e3o Ribeiro de Barros;<\/li>\n<li>D) DETERMINAR a exclus\u00e3o em definitivo da pontua\u00e7\u00e3o atribu\u00edda e registrada na Carteira Nacional de Habilita\u00e7\u00e3o dos condutores em raz\u00e3o das autua\u00e7\u00f5es em quest\u00e3o;<\/li>\n<li>E) DETERMINAR o cancelamento de todas as multas ainda n\u00e3o recolhidas, bem como a devolu\u00e7\u00e3o de todos os valores recolhidos relativos \u00e0s autua\u00e7\u00f5es dos radares fixos DER n\u00ba 17013 e 17014 instalados no km 646, da rodovia SP 294, Comandante Jo\u00e3o Ribeiro de Barros. A devolu\u00e7\u00e3o de eventuais multas recolhidas ser\u00e1 realizada mediante procedimento pr\u00f3prio de liquida\u00e7\u00e3o impr\u00f3pria individual, a ser manejado pelo respectivo interessado, na forma do art. 95 e seguintes do CDC.<\/li>\n<\/ol>\n<p style=\"text-align: justify;\">Fica, por fim, estabelecido o prazo de 30 (trinta) dias \u00fateis a partir do tr\u00e2nsito em julgado da presente senten\u00e7a para as Requeridas comprovarem nos autos o in\u00edcio da execu\u00e7\u00e3o das provid\u00eancias citadas acima, advertindo as partes de que caso n\u00e3o o fa\u00e7am, ocorrer\u00e1 a fixa\u00e7\u00e3o de multa di\u00e1ria em caso de descumprimento da presente ordem judicial.\u201d<\/p>\n<p style=\"text-align: justify;\">Por ac\u00f3rd\u00e3o proferido em 6 de fevereiro de 2023, o E. Tribunal de Justi\u00e7a negou provimento aos recursos interpostos pelo DER e pelo DETRAN. O ac\u00f3rd\u00e3o transitou em julgado em 31 de maio de 2023 e determinada a remessa dos autos \u00e0 primeira inst\u00e2ncia para cumprimento da senten\u00e7a.<\/p>\n<p>Fonte: MP\/SP Dracena<\/p>\n","protected":false},"excerpt":{"rendered":"<p>O Site Jorge Zanoni, primeiro \u00f3rg\u00e3o de Imprensa a comentar sobre as possiveis cobran\u00e7as indevidas atrav\u00e9s de Radar instalado no Km. 646 da Rodovia Comandante Jo\u00e3o Ribeiro de Barros, SP-294 em Dracena, veja mat\u00e9ria (abaixo), vem a p\u00fablico informar a pedido do Minist\u00e9rio P\u00fablico a DECIS\u00c3O FINAL da A\u00e7\u00e3o que envolveu milhares de condutores e [&hellip;]<\/p>\n","protected":false},"author":1,"featured_media":77180,"comment_status":"closed","ping_status":"open","sticky":false,"template":"","format":"standard","meta":{"footnotes":""},"categories":[120,110],"tags":[],"class_list":["post-77179","post","type-post","status-publish","format-standard","has-post-thumbnail","hentry","category-justicahabitacaotecnologia","category-noticiasdestaque"],"_links":{"self":[{"href":"https:\/\/jorgezanoni.com.br\/2019\/wp-json\/wp\/v2\/posts\/77179","targetHints":{"allow":["GET"]}}],"collection":[{"href":"https:\/\/jorgezanoni.com.br\/2019\/wp-json\/wp\/v2\/posts"}],"about":[{"href":"https:\/\/jorgezanoni.com.br\/2019\/wp-json\/wp\/v2\/types\/post"}],"author":[{"embeddable":true,"href":"https:\/\/jorgezanoni.com.br\/2019\/wp-json\/wp\/v2\/users\/1"}],"replies":[{"embeddable":true,"href":"https:\/\/jorgezanoni.com.br\/2019\/wp-json\/wp\/v2\/comments?post=77179"}],"version-history":[{"count":4,"href":"https:\/\/jorgezanoni.com.br\/2019\/wp-json\/wp\/v2\/posts\/77179\/revisions"}],"predecessor-version":[{"id":77184,"href":"https:\/\/jorgezanoni.com.br\/2019\/wp-json\/wp\/v2\/posts\/77179\/revisions\/77184"}],"wp:featuredmedia":[{"embeddable":true,"href":"https:\/\/jorgezanoni.com.br\/2019\/wp-json\/wp\/v2\/media\/77180"}],"wp:attachment":[{"href":"https:\/\/jorgezanoni.com.br\/2019\/wp-json\/wp\/v2\/media?parent=77179"}],"wp:term":[{"taxonomy":"category","embeddable":true,"href":"https:\/\/jorgezanoni.com.br\/2019\/wp-json\/wp\/v2\/categories?post=77179"},{"taxonomy":"post_tag","embeddable":true,"href":"https:\/\/jorgezanoni.com.br\/2019\/wp-json\/wp\/v2\/tags?post=77179"}],"curies":[{"name":"wp","href":"https:\/\/api.w.org\/{rel}","templated":true}]}}