{"id":77176,"date":"2023-06-12T18:10:21","date_gmt":"2023-06-12T18:10:21","guid":{"rendered":"https:\/\/jorgezanoni.com.br\/2019\/?p=77176"},"modified":"2023-06-12T18:10:21","modified_gmt":"2023-06-12T18:10:21","slug":"adamantina-74-anos-por-pastor-rafael-assiz","status":"publish","type":"post","link":"https:\/\/jorgezanoni.com.br\/2019\/adamantina-74-anos-por-pastor-rafael-assiz\/","title":{"rendered":"Adamantina 74 anos&#8230; (por Pastor Rafael Assiz)"},"content":{"rendered":"<p style=\"text-align: justify;\">Querida cidade de Adamantina, 13 de junho \u00e9 um dia especial em que comemoramos seu anivers\u00e1rio, um momento de alegria e gratid\u00e3o por tudo que voc\u00ea representa. Nesta ocasi\u00e3o festiva, gostaria de estender meus sinceros parab\u00e9ns a voc\u00ea e a todos os seus residentes. Que esta amada cidade continue a prosperar em todos os sentidos. Com suas belezas naturais e povo hospitaleiro. Adamantina \u00e9 um verdadeiro presente de Deus para todos n\u00f3s. Ao longo dos anos, voc\u00ea se destacou como um lugar de uni\u00e3o, for\u00e7a e esperan\u00e7a. \u00c9 uma honra testemunhar seu progresso e seu compromisso em ser um lugar melhor para se viver.<\/p>\n<p style=\"text-align: justify;\">\u00a0\u00a0\u00a0 Na B\u00edblia, somos lembrados de que Deus se importa com as cidades. S\u00e3o centros vitais de conviv\u00eancia e crescimento humano onde as pessoas se re\u00fanem, trabalham, amam e adoram a Deus. Adamantina, a sua exist\u00eancia e desenvolvimento, \u00e9 um testemunho do cuidado e das b\u00ean\u00e7\u00e3os que aqui foram dadas.<\/p>\n<p style=\"text-align: justify;\">\u00a0\u00a0\u00a0 Neste dia especial, convido todos os cidad\u00e3os de Adamantina a orar e refletir sobre a import\u00e2ncia da constru\u00e7\u00e3o de uma cidade justa, compassiva, unida e temente a Deus. Lembre-se das palavras do profeta Jeremias que instruiu os exilados a buscar o bem-estar de sua cidade: <strong><em>\u201cProcurai a paz da cidade para onde vos fiz transportar; e orai por ela ao SENHOR, porque, na sua paz, v\u00f3s tereis paz.\u201d (Jeremias 29:7 \u2014 ARC).<\/em><\/strong><\/p>\n<p style=\"text-align: justify;\">\u00a0\u00a0\u00a0 Que os l\u00edderes desta cidade sejam guiados pela sabedoria divina para tomar decis\u00f5es s\u00e1bias e justas, buscar o bem comum e cuidar de pessoas afins. Que a fam\u00edlia Adamantina seja repleta de amor, harmonia e compreens\u00e3o m\u00fatua.<\/p>\n<p style=\"text-align: justify;\">\u00a0\u00a0 Quero que Adamantina seja conhecida n\u00e3o apenas por seu avan\u00e7o material, mas tamb\u00e9m por sua busca incans\u00e1vel pela f\u00e9 e uma vida de devo\u00e7\u00e3o a Deus. Que o temor do Senhor seja o fundamento sobre o qual toda a comunidade seja edificada. Que a adora\u00e7\u00e3o e a gratid\u00e3o sejam cantadas em cada cora\u00e7\u00e3o, e que a f\u00e9 seja fortalecida a cada dia.<\/p>\n<p style=\"text-align: justify;\">\u00a0\u00a0\u00a0 Que a cidade de Adamantina continue sendo ricamente aben\u00e7oada pelo Senhor. Que Deus o proteja, guie e fortale\u00e7a em todos os seus empreendimentos. Que toda comunidade seja cheia do Esp\u00edrito Santo e capacitada para viver vidas plenas e significativas em Cristo. Neste dia especial, oremos e agrade\u00e7amos a Deus pela Cidade de Adamantina e por todos os que a tornam especial. Que cada anivers\u00e1rio seja um voo em que tenhamos o privil\u00e9gio de compartilhar esta cidade e sermos agentes de mudan\u00e7a positiva entre n\u00f3s.<\/p>\n<p style=\"text-align: justify;\">Parab\u00e9ns, Cidade Adamantina! Que Deus continue aben\u00e7oando e guiando seus passos, agora e sempre.<\/p>\n<p style=\"text-align: justify;\">Com os mais sinceros votos, Pr. Rafael Assiz \u00e9 Fam\u00edlia.<\/p>\n<p style=\"text-align: justify;\">Rafael Assiz \u00e9 escritor, p\u00f3s-graduado em teologia, coordenador e professor da Escola Teol\u00f3gica na Assembleia de Deus Minist\u00e9rio de Madureira.<\/p>\n<p style=\"text-align: justify;\">\n","protected":false},"excerpt":{"rendered":"<p>Querida cidade de Adamantina, 13 de junho \u00e9 um dia especial em que comemoramos seu anivers\u00e1rio, um momento de alegria e gratid\u00e3o por tudo que voc\u00ea representa. Nesta ocasi\u00e3o festiva, gostaria de estender meus sinceros parab\u00e9ns a voc\u00ea e a todos os seus residentes. Que esta amada cidade continue a prosperar em todos os sentidos. [&hellip;]<\/p>\n","protected":false},"author":1,"featured_media":77177,"comment_status":"closed","ping_status":"open","sticky":false,"template":"","format":"standard","meta":{"footnotes":""},"categories":[195,175,179],"tags":[],"class_list":["post-77176","post","type-post","status-publish","format-standard","has-post-thumbnail","hentry","category-adamantina","category-artigos","category-cidadeseregiao"],"_links":{"self":[{"href":"https:\/\/jorgezanoni.com.br\/2019\/wp-json\/wp\/v2\/posts\/77176","targetHints":{"allow":["GET"]}}],"collection":[{"href":"https:\/\/jorgezanoni.com.br\/2019\/wp-json\/wp\/v2\/posts"}],"about":[{"href":"https:\/\/jorgezanoni.com.br\/2019\/wp-json\/wp\/v2\/types\/post"}],"author":[{"embeddable":true,"href":"https:\/\/jorgezanoni.com.br\/2019\/wp-json\/wp\/v2\/users\/1"}],"replies":[{"embeddable":true,"href":"https:\/\/jorgezanoni.com.br\/2019\/wp-json\/wp\/v2\/comments?post=77176"}],"version-history":[{"count":1,"href":"https:\/\/jorgezanoni.com.br\/2019\/wp-json\/wp\/v2\/posts\/77176\/revisions"}],"predecessor-version":[{"id":77178,"href":"https:\/\/jorgezanoni.com.br\/2019\/wp-json\/wp\/v2\/posts\/77176\/revisions\/77178"}],"wp:featuredmedia":[{"embeddable":true,"href":"https:\/\/jorgezanoni.com.br\/2019\/wp-json\/wp\/v2\/media\/77177"}],"wp:attachment":[{"href":"https:\/\/jorgezanoni.com.br\/2019\/wp-json\/wp\/v2\/media?parent=77176"}],"wp:term":[{"taxonomy":"category","embeddable":true,"href":"https:\/\/jorgezanoni.com.br\/2019\/wp-json\/wp\/v2\/categories?post=77176"},{"taxonomy":"post_tag","embeddable":true,"href":"https:\/\/jorgezanoni.com.br\/2019\/wp-json\/wp\/v2\/tags?post=77176"}],"curies":[{"name":"wp","href":"https:\/\/api.w.org\/{rel}","templated":true}]}}