{"id":77173,"date":"2023-06-12T17:40:26","date_gmt":"2023-06-12T17:40:26","guid":{"rendered":"https:\/\/jorgezanoni.com.br\/2019\/?p=77173"},"modified":"2023-06-12T17:41:29","modified_gmt":"2023-06-12T17:41:29","slug":"policia-militar-esclarece-furto-localiza-autor-e-devolve-produtos-a-vitima-em-dracena","status":"publish","type":"post","link":"https:\/\/jorgezanoni.com.br\/2019\/policia-militar-esclarece-furto-localiza-autor-e-devolve-produtos-a-vitima-em-dracena\/","title":{"rendered":"Pol\u00edcia Militar esclarece furto, localiza autor e devolve produtos \u00e0 v\u00edtima em Dracena"},"content":{"rendered":"<p style=\"text-align: justify;\">Na data de hoje (12) por volta das 09h03min a equipe da Pol\u00edcia Militar foi acionada para averigua\u00e7\u00e3o de uma poss\u00edvel localiza\u00e7\u00e3o de autor de furto ocorrido.<br \/>\nNo local foi realizado contato com a v\u00edtima a qual havia recebido uma informa\u00e7\u00e3o que possivelmente o autor do furto da sua resid\u00eancia estaria no interior da esta\u00e7\u00e3o ferrovi\u00e1ria.<br \/>\nA equipe realizou abordagens, e em um abordado localizou em uma bolsa que estava em sua posse mais 02 pares de t\u00eanis da marca All star e 01 (um) par de chinelo preto da marca havaianas que tamb\u00e9m fora furtada da resid\u00eancia da v\u00edtima.<br \/>\nFoi elaborado BOPC de furto esclarecido com autoria conhecida, partes ouvidas e liberadas.<\/p>\n<p>Fonte: Com. Social Pol\u00edcia Militar<\/p>\n","protected":false},"excerpt":{"rendered":"<p>Na data de hoje (12) por volta das 09h03min a equipe da Pol\u00edcia Militar foi acionada para averigua\u00e7\u00e3o de uma poss\u00edvel localiza\u00e7\u00e3o de autor de furto ocorrido. No local foi realizado contato com a v\u00edtima a qual havia recebido uma informa\u00e7\u00e3o que possivelmente o autor do furto da sua resid\u00eancia estaria no interior da esta\u00e7\u00e3o [&hellip;]<\/p>\n","protected":false},"author":1,"featured_media":77174,"comment_status":"closed","ping_status":"open","sticky":false,"template":"","format":"standard","meta":{"footnotes":""},"categories":[110,2],"tags":[],"class_list":["post-77173","post","type-post","status-publish","format-standard","has-post-thumbnail","hentry","category-noticiasdestaque","category-policial"],"_links":{"self":[{"href":"https:\/\/jorgezanoni.com.br\/2019\/wp-json\/wp\/v2\/posts\/77173","targetHints":{"allow":["GET"]}}],"collection":[{"href":"https:\/\/jorgezanoni.com.br\/2019\/wp-json\/wp\/v2\/posts"}],"about":[{"href":"https:\/\/jorgezanoni.com.br\/2019\/wp-json\/wp\/v2\/types\/post"}],"author":[{"embeddable":true,"href":"https:\/\/jorgezanoni.com.br\/2019\/wp-json\/wp\/v2\/users\/1"}],"replies":[{"embeddable":true,"href":"https:\/\/jorgezanoni.com.br\/2019\/wp-json\/wp\/v2\/comments?post=77173"}],"version-history":[{"count":1,"href":"https:\/\/jorgezanoni.com.br\/2019\/wp-json\/wp\/v2\/posts\/77173\/revisions"}],"predecessor-version":[{"id":77175,"href":"https:\/\/jorgezanoni.com.br\/2019\/wp-json\/wp\/v2\/posts\/77173\/revisions\/77175"}],"wp:featuredmedia":[{"embeddable":true,"href":"https:\/\/jorgezanoni.com.br\/2019\/wp-json\/wp\/v2\/media\/77174"}],"wp:attachment":[{"href":"https:\/\/jorgezanoni.com.br\/2019\/wp-json\/wp\/v2\/media?parent=77173"}],"wp:term":[{"taxonomy":"category","embeddable":true,"href":"https:\/\/jorgezanoni.com.br\/2019\/wp-json\/wp\/v2\/categories?post=77173"},{"taxonomy":"post_tag","embeddable":true,"href":"https:\/\/jorgezanoni.com.br\/2019\/wp-json\/wp\/v2\/tags?post=77173"}],"curies":[{"name":"wp","href":"https:\/\/api.w.org\/{rel}","templated":true}]}}