{"id":77119,"date":"2023-06-10T16:54:47","date_gmt":"2023-06-10T16:54:47","guid":{"rendered":"https:\/\/jorgezanoni.com.br\/2019\/?p=77119"},"modified":"2023-06-10T16:56:12","modified_gmt":"2023-06-10T16:56:12","slug":"policia-militar-recupera-veiculo-furtado-antes-da-proprietaria-sabero-do-furto-e-capturam-procurado-da-justica-em-junqueiropolis","status":"publish","type":"post","link":"https:\/\/jorgezanoni.com.br\/2019\/policia-militar-recupera-veiculo-furtado-antes-da-proprietaria-sabero-do-furto-e-capturam-procurado-da-justica-em-junqueiropolis\/","title":{"rendered":"Pol\u00edcia Militar recupera ve\u00edculo furtado, antes da propriet\u00e1ria saber do furto e capturam procurado da justi\u00e7a em Junqueir\u00f3polis"},"content":{"rendered":"<p style=\"text-align: justify;\">Na data de ontem 10 por volta das 23h05min durante patrulhamento pela \u00e1rea central de Junqueir\u00f3polis quando foi avistado o ve\u00edculo uno vermelho transitando pela avenida 7 de setembro, logo virou a direita<br \/>\nadentrando a rua Rui Barbosa pela contram\u00e3o de dire\u00e7\u00e3o. Foi dado sinal de parada obrigat\u00f3ria atrav\u00e9s de sinais sonoros e luminosos, por\u00e9m o<br \/>\nve\u00edculo come\u00e7ou a evadir-se da viatura adentrando v\u00e1rias ruas da cidade e pela avenida 7 de setembro em alta velocidade rumou sentido bairro Jardim Alvorada quando adentrou a vicinal Jos\u00e9 Siniciato o condutor perdeu a dire\u00e7\u00e3o do ve\u00edculo e capotou. Desembarcaram quatro individuos do ve\u00edculo empreenderam fuga a p\u00e9 por uma mata fechada e de dif\u00edcil acesso, no qual logramos \u00eaxito em deter um deles. Ap\u00f3s pesquisa constou mandado de pris\u00e3o e ap\u00f3s pesquisa aprofundada se tratava de um mandado de pris\u00e3o de homic\u00eddio culposo na dire\u00e7\u00e3o de ve\u00edculo automotor. Feito contato com a propriet\u00e1ria do ve\u00edculo ( mulher 41 anos), esta n\u00e3o estava sabendo que seu carro havia sido furtado. Realizada dilig\u00eancias com as demais viaturas por\u00e9m n\u00e3o foi localizado os outros individuos. O indiciado masculino de 49 ficou preso \u00e0 disposi\u00e7\u00e3o da Justi\u00e7a.<\/p>\n<p style=\"text-align: justify;\">Fonte: Com. Social Pol\u00edcia Militar<\/p>\n","protected":false},"excerpt":{"rendered":"<p>Na data de ontem 10 por volta das 23h05min durante patrulhamento pela \u00e1rea central de Junqueir\u00f3polis quando foi avistado o ve\u00edculo uno vermelho transitando pela avenida 7 de setembro, logo virou a direita adentrando a rua Rui Barbosa pela contram\u00e3o de dire\u00e7\u00e3o. Foi dado sinal de parada obrigat\u00f3ria atrav\u00e9s de sinais sonoros e luminosos, por\u00e9m [&hellip;]<\/p>\n","protected":false},"author":1,"featured_media":77120,"comment_status":"closed","ping_status":"open","sticky":false,"template":"","format":"standard","meta":{"footnotes":""},"categories":[170,110],"tags":[],"class_list":["post-77119","post","type-post","status-publish","format-standard","has-post-thumbnail","hentry","category-acidentes","category-noticiasdestaque"],"_links":{"self":[{"href":"https:\/\/jorgezanoni.com.br\/2019\/wp-json\/wp\/v2\/posts\/77119","targetHints":{"allow":["GET"]}}],"collection":[{"href":"https:\/\/jorgezanoni.com.br\/2019\/wp-json\/wp\/v2\/posts"}],"about":[{"href":"https:\/\/jorgezanoni.com.br\/2019\/wp-json\/wp\/v2\/types\/post"}],"author":[{"embeddable":true,"href":"https:\/\/jorgezanoni.com.br\/2019\/wp-json\/wp\/v2\/users\/1"}],"replies":[{"embeddable":true,"href":"https:\/\/jorgezanoni.com.br\/2019\/wp-json\/wp\/v2\/comments?post=77119"}],"version-history":[{"count":2,"href":"https:\/\/jorgezanoni.com.br\/2019\/wp-json\/wp\/v2\/posts\/77119\/revisions"}],"predecessor-version":[{"id":77122,"href":"https:\/\/jorgezanoni.com.br\/2019\/wp-json\/wp\/v2\/posts\/77119\/revisions\/77122"}],"wp:featuredmedia":[{"embeddable":true,"href":"https:\/\/jorgezanoni.com.br\/2019\/wp-json\/wp\/v2\/media\/77120"}],"wp:attachment":[{"href":"https:\/\/jorgezanoni.com.br\/2019\/wp-json\/wp\/v2\/media?parent=77119"}],"wp:term":[{"taxonomy":"category","embeddable":true,"href":"https:\/\/jorgezanoni.com.br\/2019\/wp-json\/wp\/v2\/categories?post=77119"},{"taxonomy":"post_tag","embeddable":true,"href":"https:\/\/jorgezanoni.com.br\/2019\/wp-json\/wp\/v2\/tags?post=77119"}],"curies":[{"name":"wp","href":"https:\/\/api.w.org\/{rel}","templated":true}]}}