{"id":77083,"date":"2023-06-08T18:06:12","date_gmt":"2023-06-08T18:06:12","guid":{"rendered":"https:\/\/jorgezanoni.com.br\/2019\/?p=77083"},"modified":"2023-06-08T18:40:45","modified_gmt":"2023-06-08T18:40:45","slug":"policia-civil-realiza-ciclo-de-palestras-sobre-carreiras-e-atuacao-da-policia-jucidiacira-para-estudantes-de-esconta-tecnica-e-falcudade-em-dracena","status":"publish","type":"post","link":"https:\/\/jorgezanoni.com.br\/2019\/policia-civil-realiza-ciclo-de-palestras-sobre-carreiras-e-atuacao-da-policia-jucidiacira-para-estudantes-de-esconta-tecnica-e-falcudade-em-dracena\/","title":{"rendered":"Pol\u00edcia Civil realiza ciclo de palestras sobre carreiras e atua\u00e7\u00e3o da Pol\u00edcia Judici\u00e1ria para estudantes de Escola T\u00e9cnica e Falcudade em Dracena"},"content":{"rendered":"<p style=\"text-align: justify;\">A Pol\u00edcia Civil, por interm\u00e9dio da Delegacia Seccional de Pol\u00edcia de Dracena, ministrou nesta ter\u00e7a-feira (6), um ciclo de palestras sobre as carreiras da Pol\u00edcia Civil e a atua\u00e7\u00e3o investigativa do trabalho de pol\u00edcia judici\u00e1ria para alunos da ETEC Prof Carmelina Barbosa (Centro Paula Souza) e para acad\u00eamicos do 1\u00ba termo do curso de direito da Faculdade Reges, em Dracena (SP).<br \/>\nO objetivo foi de apresentar, aos alunos e aos universit\u00e1rios, informa\u00e7\u00f5es sobre a especificidade de cada carreira policial, entre as quais a de delegado, escriv\u00e3o, investigador e agente, cargos comp\u00f5em o quadro organizacional da Pol\u00edcia Civil e as suas atribui\u00e7\u00f5es, al\u00e9m de ressaltar a import\u00e2ncia do trabalho investigativo para a sociedade. Foi explanado ainda, sobre os requisitos para se torna um policial civil, que tem in\u00edcio na inscri\u00e7\u00e3o para prestar o concurso p\u00fablico e, depois superadas as etapas classificat\u00f3rias, em sendo aprovado, inicia-se o curso de forma\u00e7\u00e3o na Academia de Pol\u00edcia.<br \/>\nAmbas as palestras foram apresentadas pelo agente policial Reginaldo Rosa, que tamb\u00e9m ressaltou, sobre a import\u00e2ncia da voca\u00e7\u00e3o e da valora\u00e7\u00e3o humana para aqueles que postulam a uma carreira policial, ou seja, ser uma pessoa vocacionada pelo que a profiss\u00e3o realmente \u00e9. No final de cada o encontro, abriu-se espa\u00e7o para os participantes perguntar e sanar eventuais d\u00favidas sobre o tema.<\/p>\n<p><img loading=\"lazy\" decoding=\"async\" class=\"alignnone size-full wp-image-77085\" src=\"https:\/\/jorgezanoni.com.br\/2019\/wp-content\/uploads\/2023\/06\/zc.jpg\" alt=\"\" width=\"700\" height=\"447\" srcset=\"https:\/\/jorgezanoni.com.br\/2019\/wp-content\/uploads\/2023\/06\/zc.jpg 700w, https:\/\/jorgezanoni.com.br\/2019\/wp-content\/uploads\/2023\/06\/zc-300x192.jpg 300w, https:\/\/jorgezanoni.com.br\/2019\/wp-content\/uploads\/2023\/06\/zc-696x444.jpg 696w, https:\/\/jorgezanoni.com.br\/2019\/wp-content\/uploads\/2023\/06\/zc-658x420.jpg 658w\" sizes=\"auto, (max-width: 700px) 100vw, 700px\" \/> <img loading=\"lazy\" decoding=\"async\" class=\"alignnone size-full wp-image-77086\" src=\"https:\/\/jorgezanoni.com.br\/2019\/wp-content\/uploads\/2023\/06\/zc1.jpg\" alt=\"\" width=\"700\" height=\"455\" srcset=\"https:\/\/jorgezanoni.com.br\/2019\/wp-content\/uploads\/2023\/06\/zc1.jpg 700w, https:\/\/jorgezanoni.com.br\/2019\/wp-content\/uploads\/2023\/06\/zc1-300x195.jpg 300w, https:\/\/jorgezanoni.com.br\/2019\/wp-content\/uploads\/2023\/06\/zc1-696x452.jpg 696w, https:\/\/jorgezanoni.com.br\/2019\/wp-content\/uploads\/2023\/06\/zc1-646x420.jpg 646w\" sizes=\"auto, (max-width: 700px) 100vw, 700px\" \/><\/p>\n<p>Fonte: Comunica\u00e7\u00e3o Social Pol\u00edcia Civil<\/p>\n","protected":false},"excerpt":{"rendered":"<p>A Pol\u00edcia Civil, por interm\u00e9dio da Delegacia Seccional de Pol\u00edcia de Dracena, ministrou nesta ter\u00e7a-feira (6), um ciclo de palestras sobre as carreiras da Pol\u00edcia Civil e a atua\u00e7\u00e3o investigativa do trabalho de pol\u00edcia judici\u00e1ria para alunos da ETEC Prof Carmelina Barbosa (Centro Paula Souza) e para acad\u00eamicos do 1\u00ba termo do curso de direito [&hellip;]<\/p>\n","protected":false},"author":1,"featured_media":77084,"comment_status":"closed","ping_status":"open","sticky":false,"template":"","format":"standard","meta":{"footnotes":""},"categories":[110,2],"tags":[],"class_list":["post-77083","post","type-post","status-publish","format-standard","has-post-thumbnail","hentry","category-noticiasdestaque","category-policial"],"_links":{"self":[{"href":"https:\/\/jorgezanoni.com.br\/2019\/wp-json\/wp\/v2\/posts\/77083","targetHints":{"allow":["GET"]}}],"collection":[{"href":"https:\/\/jorgezanoni.com.br\/2019\/wp-json\/wp\/v2\/posts"}],"about":[{"href":"https:\/\/jorgezanoni.com.br\/2019\/wp-json\/wp\/v2\/types\/post"}],"author":[{"embeddable":true,"href":"https:\/\/jorgezanoni.com.br\/2019\/wp-json\/wp\/v2\/users\/1"}],"replies":[{"embeddable":true,"href":"https:\/\/jorgezanoni.com.br\/2019\/wp-json\/wp\/v2\/comments?post=77083"}],"version-history":[{"count":3,"href":"https:\/\/jorgezanoni.com.br\/2019\/wp-json\/wp\/v2\/posts\/77083\/revisions"}],"predecessor-version":[{"id":77089,"href":"https:\/\/jorgezanoni.com.br\/2019\/wp-json\/wp\/v2\/posts\/77083\/revisions\/77089"}],"wp:featuredmedia":[{"embeddable":true,"href":"https:\/\/jorgezanoni.com.br\/2019\/wp-json\/wp\/v2\/media\/77084"}],"wp:attachment":[{"href":"https:\/\/jorgezanoni.com.br\/2019\/wp-json\/wp\/v2\/media?parent=77083"}],"wp:term":[{"taxonomy":"category","embeddable":true,"href":"https:\/\/jorgezanoni.com.br\/2019\/wp-json\/wp\/v2\/categories?post=77083"},{"taxonomy":"post_tag","embeddable":true,"href":"https:\/\/jorgezanoni.com.br\/2019\/wp-json\/wp\/v2\/tags?post=77083"}],"curies":[{"name":"wp","href":"https:\/\/api.w.org\/{rel}","templated":true}]}}