{"id":77080,"date":"2023-06-08T16:14:50","date_gmt":"2023-06-08T16:14:50","guid":{"rendered":"https:\/\/jorgezanoni.com.br\/2019\/?p=77080"},"modified":"2023-06-08T16:14:50","modified_gmt":"2023-06-08T16:14:50","slug":"sicredi-e-destaque-no-premio-broadcast-2023","status":"publish","type":"post","link":"https:\/\/jorgezanoni.com.br\/2019\/sicredi-e-destaque-no-premio-broadcast-2023\/","title":{"rendered":"Sicredi \u00e9 destaque no Pr\u00eamio Broadcast 2023"},"content":{"rendered":"<p style=\"text-align: justify;\"><strong><i>Institui\u00e7\u00e3o financeira cooperativa ficou em 9\u00ba lugar no ranking de proje\u00e7\u00f5es econ\u00f4micas da Ag\u00eancia Estado.<\/i><\/strong><\/p>\n<p class=\"v1s6\" style=\"text-align: justify;\">O Sicredi, institui\u00e7\u00e3o financeira cooperativa com 6,5 milh\u00f5es de associados, recebeu, na quinta-feira (1\u00ba\/06), o Pr\u00eamio Broadcast Proje\u00e7\u00f5es 2023, conquistando a 9\u00aa posi\u00e7\u00e3o na categoria Top Geral que avalia as previs\u00f5es de sete indicadores da economia. Esse \u00e9 o terceiro ano consecutivo em que o Sicredi recebe o reconhecimento, o qual destacou as institui\u00e7\u00f5es financeiras e consultorias econ\u00f4micas que mais acertaram as estimativas sobre as vari\u00e1veis macroecon\u00f4micas de 2022.<\/p>\n<p class=\"v1s8\" style=\"text-align: justify;\">\u00a0Na categoria Top Geral, s\u00e3o analisadas as proje\u00e7\u00f5es do IPCA, IGP-M, Selic, c\u00e2mbio, saldo da balan\u00e7a comercial, rela\u00e7\u00e3o d\u00edvida l\u00edquida\/PIB e PIB, encaminhadas por diferentes institui\u00e7\u00f5es que realizam, periodicamente, proje\u00e7\u00f5es de indicadores econ\u00f4micos. S\u00e3o consideradas na an\u00e1lise as proje\u00e7\u00f5es feitas para os seis trimestres subsequentes e para o ano fechado.<\/p>\n<p class=\"v1s8\" style=\"text-align: justify;\">\u00a0&#8220;Esse pr\u00eamio ratifica o profissionalismo e consist\u00eancia do trabalho de an\u00e1lise econ\u00f4mica realizado no Sicredi, o qual qualifica a gest\u00e3o da institui\u00e7\u00e3o e beneficia diretamente os nossos associados&#8221;, afirma Andr\u00e9 Nunes de Nunes, economista-chefe do Sicredi, que representou a institui\u00e7\u00e3o financeira cooperativa no evento de entrega do pr\u00eamio.<\/p>\n<p class=\"v1s8\" style=\"text-align: justify;\">\u00a0A proposta do Pr\u00eamio Broadcast Proje\u00e7\u00f5es \u00e9 reconhecer as institui\u00e7\u00f5es cujas proje\u00e7\u00f5es para os principais indicadores econ\u00f4micos do pa\u00eds mais se aproximam da realidade. A Ag\u00eancia Estado, por meio de uma metodologia pr\u00f3pria, re\u00fane e avalia os dados fornecidos pelas institui\u00e7\u00f5es inscritas, que enfrentam desafios para an\u00e1lises dos n\u00fameros macroecon\u00f4micos e montam suas carteiras de recomenda\u00e7\u00e3o aos associados.<\/p>\n<p class=\"v1s11\" style=\"text-align: justify;\"><strong>Sobre o Sicredi<\/strong><span class=\"v1bumpedfont15\">\u00a0<\/span><\/p>\n<p class=\"v1MsoNormal\" style=\"text-align: justify;\"><i>O Sicredi \u00e9 uma institui\u00e7\u00e3o financeira cooperativa comprometida com o crescimento de seus associados e com o desenvolvimento das regi\u00f5es onde atua. Possui um modelo de gest\u00e3o que valoriza a participa\u00e7\u00e3o dos mais de 6 milh\u00f5es de associados, que exercem o papel de donos do neg\u00f3cio. Com mais de 2.400 ag\u00eancias, o Sicredi est\u00e1 presente fisicamente em todos os estados brasileiros e no Distrito Federal, disponibilizando mais de 300 produtos e servi\u00e7os financeiros.<\/i><\/p>\n<p class=\"v1MsoNormal\" style=\"text-align: justify;\"><b><i>Site do Sicredi:\u00a0<a href=\"http:\/\/www.sicredi.com.br\/\" target=\"_blank\" rel=\"noopener noreferrer\">www.sicredi.com.br<\/a><\/i><\/b><\/p>\n<p class=\"v1MsoNormal\" style=\"text-align: justify;\"><b><i>Redes Sociais:\u00a0<\/i><\/b><em><b><u><span lang=\"EN-US\"><a href=\"http:\/\/www.facebook.com\/sicredicentrooestepaulista\" target=\"_blank\" rel=\"noopener noreferrer\"><i><span lang=\"PT-BR\">Facebook<\/span><\/i><\/a><\/span><\/u><\/b><\/em><em>\u00a0|<\/em>\u00a0<em><b><u><span lang=\"EN-US\"><a href=\"https:\/\/www.linkedin.com\/company\/sicredi-centro-oeste-paulista\/\" target=\"_blank\" rel=\"noopener noreferrer\"><i><span lang=\"PT-BR\">LinkedIn<\/span><\/i><\/a><\/span><\/u><\/b><\/em><em>\u00a0|<\/em>\u00a0<em><b><u><span lang=\"EN-US\"><a href=\"http:\/\/www.youtube.com\/sicredicentrooestepaulista\" target=\"_blank\" rel=\"noopener noreferrer\"><i><span lang=\"PT-BR\">YouTube<\/span><\/i><\/a><\/span><\/u><\/b><\/em><span lang=\"EN-US\">\u00a0<\/span><em>|\u00a0<\/em><em><b><u><span lang=\"EN-US\"><a href=\"http:\/\/www.instagram.com\/sicredicentrooestepaulista\" target=\"_blank\" rel=\"noopener noreferrer\"><i><span lang=\"PT-BR\">Instagram<\/span><\/i><\/a><\/span><\/u><\/b><\/em><\/p>\n<p style=\"text-align: justify;\">CAPA: O economista-chefe do Sicredi, Andr\u00e9 Nunes de Nunes, recebeu o reconhecimento no evento de premia\u00e7\u00e3o<br \/>\n<i>Cr\u00e9ditos: divulga\u00e7\u00e3o<\/i><\/p>\n<p>Fonte: Comunica\u00e7\u00e3o e Marketing<\/p>\n","protected":false},"excerpt":{"rendered":"<p>Institui\u00e7\u00e3o financeira cooperativa ficou em 9\u00ba lugar no ranking de proje\u00e7\u00f5es econ\u00f4micas da Ag\u00eancia Estado. O Sicredi, institui\u00e7\u00e3o financeira cooperativa com 6,5 milh\u00f5es de associados, recebeu, na quinta-feira (1\u00ba\/06), o Pr\u00eamio Broadcast Proje\u00e7\u00f5es 2023, conquistando a 9\u00aa posi\u00e7\u00e3o na categoria Top Geral que avalia as previs\u00f5es de sete indicadores da economia. Esse \u00e9 o terceiro [&hellip;]<\/p>\n","protected":false},"author":1,"featured_media":77081,"comment_status":"closed","ping_status":"open","sticky":false,"template":"","format":"standard","meta":{"footnotes":""},"categories":[110,116],"tags":[],"class_list":["post-77080","post","type-post","status-publish","format-standard","has-post-thumbnail","hentry","category-noticiasdestaque","category-politicaeeconomia"],"_links":{"self":[{"href":"https:\/\/jorgezanoni.com.br\/2019\/wp-json\/wp\/v2\/posts\/77080","targetHints":{"allow":["GET"]}}],"collection":[{"href":"https:\/\/jorgezanoni.com.br\/2019\/wp-json\/wp\/v2\/posts"}],"about":[{"href":"https:\/\/jorgezanoni.com.br\/2019\/wp-json\/wp\/v2\/types\/post"}],"author":[{"embeddable":true,"href":"https:\/\/jorgezanoni.com.br\/2019\/wp-json\/wp\/v2\/users\/1"}],"replies":[{"embeddable":true,"href":"https:\/\/jorgezanoni.com.br\/2019\/wp-json\/wp\/v2\/comments?post=77080"}],"version-history":[{"count":1,"href":"https:\/\/jorgezanoni.com.br\/2019\/wp-json\/wp\/v2\/posts\/77080\/revisions"}],"predecessor-version":[{"id":77082,"href":"https:\/\/jorgezanoni.com.br\/2019\/wp-json\/wp\/v2\/posts\/77080\/revisions\/77082"}],"wp:featuredmedia":[{"embeddable":true,"href":"https:\/\/jorgezanoni.com.br\/2019\/wp-json\/wp\/v2\/media\/77081"}],"wp:attachment":[{"href":"https:\/\/jorgezanoni.com.br\/2019\/wp-json\/wp\/v2\/media?parent=77080"}],"wp:term":[{"taxonomy":"category","embeddable":true,"href":"https:\/\/jorgezanoni.com.br\/2019\/wp-json\/wp\/v2\/categories?post=77080"},{"taxonomy":"post_tag","embeddable":true,"href":"https:\/\/jorgezanoni.com.br\/2019\/wp-json\/wp\/v2\/tags?post=77080"}],"curies":[{"name":"wp","href":"https:\/\/api.w.org\/{rel}","templated":true}]}}