{"id":77076,"date":"2023-06-08T15:48:48","date_gmt":"2023-06-08T15:48:48","guid":{"rendered":"https:\/\/jorgezanoni.com.br\/2019\/?p=77076"},"modified":"2023-06-08T15:48:48","modified_gmt":"2023-06-08T15:48:48","slug":"unifadra-participa-do-conbramene-2023","status":"publish","type":"post","link":"https:\/\/jorgezanoni.com.br\/2019\/unifadra-participa-do-conbramene-2023\/","title":{"rendered":"Unifadra participa do CONBRAMENE 2023"},"content":{"rendered":"<p style=\"text-align: justify;\"><i><strong><span style=\"font-size: large;\">O congresso \u00e9 considerado um dos principais eventos do Brasil na grande \u00e1rea de Ci\u00eancias da Sa\u00fade.<\/span><\/strong><br \/>\n<\/i><br \/>\n<span style=\"font-size: large;\">Nos dias 17 a 20 de maio foi realizado em Londrina (PR) o IX Congresso Brasileiro de Metabolismo, Nutri\u00e7\u00e3o e Exerc\u00edcio (CONBRAMENE). Denise Bueno, coordenadora do curso de Educa\u00e7\u00e3o F\u00edsica da Unifadra, participou do evento apresentando os resultados do Programa Parkinson, desenvolvido pela faculdade em parceria com a Prefeitura Municipal de Dracena, no dia 18.<\/span><\/p>\n<p><span style=\"font-size: large;\">O trabalho &#8220;An\u00e1lise do perfil de funcionalidade de pacientes com doen\u00e7a de Parkinson ao longo de um ano de interven\u00e7\u00e3o com exerc\u00edcios&#8221;, que tem como autores a profissional de Educa\u00e7\u00e3o F\u00edsica\u00a0<\/span>Profa. Dra.<span style=\"font-size: large;\">\u00a0Denise Rodrigues Bueno, o estudante de Medicina Leonardo Medeiros e a fisioterapeuta docente da Unifadra Profa. Ma. Luciana Ota, est\u00e1 dispon\u00edvel nos anais do evento pelo link:\u00a0<a href=\"https:\/\/conbramene.com.br\/files\/anais2023b.pdf\" target=\"_blank\" rel=\"noopener noreferrer\">https:\/\/conbramene.com.br\/files\/anais2023b.pdf<\/a><\/span><\/p>\n<p><span style=\"font-size: large;\">Segundo os autores, o resultado das avalia\u00e7\u00f5es realizadas pelo Programa Parkinson indica que um programa de exerc\u00edcios f\u00edsicos sistematizados, duas vezes por semana, parece ser ben\u00e9fico para manuten\u00e7\u00e3o de funcionalidade, podendo exercer papel protetor para quedas e hospitaliza\u00e7\u00f5es.<\/span><\/p>\n<p><span style=\"font-size: large;\">Denise Bueno destacou &#8220;a import\u00e2ncia de, mais uma vez, estarmos apresentando nossos trabalhos em congressos dessa natureza. Os resultados desse projeto t\u00eam sido discutidos por pesquisadores em v\u00e1rios locais, levando o nome da nossa institui\u00e7\u00e3o&#8221;.<\/span><\/p>\n<p><span style=\"font-size: large;\">O diretor acad\u00eamico da Unifadra\u00a0<\/span>Prof. Dr.<span style=\"font-size: large;\">\u00a0Enio Garbelini parabeniza os colaboradores do Projeto Parkinson pelo trabalho que v\u00eam desenvolvendo desde 2018 para a promo\u00e7\u00e3o de qualidade de vida aos pacientes do projeto e destaca a import\u00e2ncia de compartilhar estes resultados com a comunidade acad\u00eamica em diferentes eventos e congressos de que a Unifadra tem participado.<\/span><\/p>\n<p><span style=\"font-size: large;\"><b>Sobre o CONBRAMENE 2023<\/b><\/span><br \/>\n<span style=\"font-size: large;\">O Congresso Brasileiro de Metabolismo, Nutri\u00e7\u00e3o e Exerc\u00edcio (CONBRAMENE) tem sido considerado um dos principais eventos do Brasil na grande \u00e1rea de Ci\u00eancias da Sa\u00fade, sendo uma refer\u00eancia para o desenvolvimento e consolida\u00e7\u00e3o da Educa\u00e7\u00e3o F\u00edsica como \u00e1rea de conhecimento, fortalecendo a parceria acad\u00eamica estabelecida entre o Centro de Educa\u00e7\u00e3o e Esporte da UEL e o Departamento de Educa\u00e7\u00e3o F\u00edsica da UEM. Vale destacar que o evento tem priorizado os aspectos qualitativos, com a presen\u00e7a em m\u00e9dia de 30 bolsistas de Produtividade em Pesquisa do CNPq, al\u00e9m de pesquisadores emergentes com destaque em diversas \u00e1reas do conhecimento.<\/span><\/p>\n<p><img loading=\"lazy\" decoding=\"async\" class=\"alignnone size-full wp-image-77078\" src=\"https:\/\/jorgezanoni.com.br\/2019\/wp-content\/uploads\/2023\/06\/denise-02.jpeg\" alt=\"\" width=\"700\" height=\"1261\" srcset=\"https:\/\/jorgezanoni.com.br\/2019\/wp-content\/uploads\/2023\/06\/denise-02.jpeg 700w, https:\/\/jorgezanoni.com.br\/2019\/wp-content\/uploads\/2023\/06\/denise-02-167x300.jpeg 167w, https:\/\/jorgezanoni.com.br\/2019\/wp-content\/uploads\/2023\/06\/denise-02-568x1024.jpeg 568w, https:\/\/jorgezanoni.com.br\/2019\/wp-content\/uploads\/2023\/06\/denise-02-696x1254.jpeg 696w, https:\/\/jorgezanoni.com.br\/2019\/wp-content\/uploads\/2023\/06\/denise-02-233x420.jpeg 233w\" sizes=\"auto, (max-width: 700px) 100vw, 700px\" \/><\/p>\n<p>Fonte: Depto. de Comunica\u00e7\u00e3o da Fundec<\/p>\n","protected":false},"excerpt":{"rendered":"<p>O congresso \u00e9 considerado um dos principais eventos do Brasil na grande \u00e1rea de Ci\u00eancias da Sa\u00fade. Nos dias 17 a 20 de maio foi realizado em Londrina (PR) o IX Congresso Brasileiro de Metabolismo, Nutri\u00e7\u00e3o e Exerc\u00edcio (CONBRAMENE). Denise Bueno, coordenadora do curso de Educa\u00e7\u00e3o F\u00edsica da Unifadra, participou do evento apresentando os resultados [&hellip;]<\/p>\n","protected":false},"author":1,"featured_media":77077,"comment_status":"closed","ping_status":"open","sticky":false,"template":"","format":"standard","meta":{"footnotes":""},"categories":[110,122],"tags":[],"class_list":["post-77076","post","type-post","status-publish","format-standard","has-post-thumbnail","hentry","category-noticiasdestaque","category-saudeeducacaoeconcurso"],"_links":{"self":[{"href":"https:\/\/jorgezanoni.com.br\/2019\/wp-json\/wp\/v2\/posts\/77076","targetHints":{"allow":["GET"]}}],"collection":[{"href":"https:\/\/jorgezanoni.com.br\/2019\/wp-json\/wp\/v2\/posts"}],"about":[{"href":"https:\/\/jorgezanoni.com.br\/2019\/wp-json\/wp\/v2\/types\/post"}],"author":[{"embeddable":true,"href":"https:\/\/jorgezanoni.com.br\/2019\/wp-json\/wp\/v2\/users\/1"}],"replies":[{"embeddable":true,"href":"https:\/\/jorgezanoni.com.br\/2019\/wp-json\/wp\/v2\/comments?post=77076"}],"version-history":[{"count":1,"href":"https:\/\/jorgezanoni.com.br\/2019\/wp-json\/wp\/v2\/posts\/77076\/revisions"}],"predecessor-version":[{"id":77079,"href":"https:\/\/jorgezanoni.com.br\/2019\/wp-json\/wp\/v2\/posts\/77076\/revisions\/77079"}],"wp:featuredmedia":[{"embeddable":true,"href":"https:\/\/jorgezanoni.com.br\/2019\/wp-json\/wp\/v2\/media\/77077"}],"wp:attachment":[{"href":"https:\/\/jorgezanoni.com.br\/2019\/wp-json\/wp\/v2\/media?parent=77076"}],"wp:term":[{"taxonomy":"category","embeddable":true,"href":"https:\/\/jorgezanoni.com.br\/2019\/wp-json\/wp\/v2\/categories?post=77076"},{"taxonomy":"post_tag","embeddable":true,"href":"https:\/\/jorgezanoni.com.br\/2019\/wp-json\/wp\/v2\/tags?post=77076"}],"curies":[{"name":"wp","href":"https:\/\/api.w.org\/{rel}","templated":true}]}}