{"id":7706,"date":"2019-10-01T11:15:35","date_gmt":"2019-10-01T11:15:35","guid":{"rendered":"https:\/\/jorgezanoni.com.br\/2019\/?p=7706"},"modified":"2019-10-01T11:15:35","modified_gmt":"2019-10-01T11:15:35","slug":"hoje-e-o-dia-internacional-do-idoso","status":"publish","type":"post","link":"https:\/\/jorgezanoni.com.br\/2019\/hoje-e-o-dia-internacional-do-idoso\/","title":{"rendered":"Hoje \u00e9 o &#8220;Dia Internacional do Idoso&#8221;"},"content":{"rendered":"<p style=\"text-align: justify;\">O\u00a0<b>Dia do Idoso<\/b>\u00a0\u00e9 comemorado no\u00a0<a title=\"Brasil\" href=\"https:\/\/pt.wikipedia.org\/wiki\/Brasil\">Brasil<\/a>\u00a0no dia\u00a0<a class=\"mw-redirect\" title=\"1\u00ba de outubro\" href=\"https:\/\/pt.wikipedia.org\/wiki\/1%C2%BA_de_outubro\">1\u00ba de outubro<\/a>\u00a0e tem como objetivo a valoriza\u00e7\u00e3o do\u00a0<a title=\"Idoso\" href=\"https:\/\/pt.wikipedia.org\/wiki\/Idoso\">idoso<\/a>.<sup id=\"cite_ref-1\" class=\"reference\"><\/sup><\/p>\n<p style=\"text-align: justify;\">At\u00e9 o ano de 2006, esta data era celebrada no dia 27 de setembro, por\u00e9m, em raz\u00e3o da cria\u00e7\u00e3o do estatuto do idoso em 1\u00ba de outubro, o dia do idoso foi transferido para esta data de acordo com a lei n\u00famero 11.433, de 28 de dezembro de 2006. Existem varias leis que protegem o idoso de maus tratos.<\/p>\n<p style=\"text-align: justify;\">Fonte: https:\/\/pt.wikipedia.org\/wiki\/Dia_do_Idoso<\/p>\n","protected":false},"excerpt":{"rendered":"<p>O\u00a0Dia do Idoso\u00a0\u00e9 comemorado no\u00a0Brasil\u00a0no dia\u00a01\u00ba de outubro\u00a0e tem como objetivo a valoriza\u00e7\u00e3o do\u00a0idoso. At\u00e9 o ano de 2006, esta data era celebrada no dia 27 de setembro, por\u00e9m, em raz\u00e3o da cria\u00e7\u00e3o do estatuto do idoso em 1\u00ba de outubro, o dia do idoso foi transferido para esta data de acordo com a lei [&hellip;]<\/p>\n","protected":false},"author":1,"featured_media":7707,"comment_status":"closed","ping_status":"open","sticky":false,"template":"","format":"standard","meta":{"footnotes":""},"categories":[114,110],"tags":[],"class_list":["post-7706","post","type-post","status-publish","format-standard","has-post-thumbnail","hentry","category-geralecomercio","category-noticiasdestaque"],"_links":{"self":[{"href":"https:\/\/jorgezanoni.com.br\/2019\/wp-json\/wp\/v2\/posts\/7706","targetHints":{"allow":["GET"]}}],"collection":[{"href":"https:\/\/jorgezanoni.com.br\/2019\/wp-json\/wp\/v2\/posts"}],"about":[{"href":"https:\/\/jorgezanoni.com.br\/2019\/wp-json\/wp\/v2\/types\/post"}],"author":[{"embeddable":true,"href":"https:\/\/jorgezanoni.com.br\/2019\/wp-json\/wp\/v2\/users\/1"}],"replies":[{"embeddable":true,"href":"https:\/\/jorgezanoni.com.br\/2019\/wp-json\/wp\/v2\/comments?post=7706"}],"version-history":[{"count":0,"href":"https:\/\/jorgezanoni.com.br\/2019\/wp-json\/wp\/v2\/posts\/7706\/revisions"}],"wp:featuredmedia":[{"embeddable":true,"href":"https:\/\/jorgezanoni.com.br\/2019\/wp-json\/wp\/v2\/media\/7707"}],"wp:attachment":[{"href":"https:\/\/jorgezanoni.com.br\/2019\/wp-json\/wp\/v2\/media?parent=7706"}],"wp:term":[{"taxonomy":"category","embeddable":true,"href":"https:\/\/jorgezanoni.com.br\/2019\/wp-json\/wp\/v2\/categories?post=7706"},{"taxonomy":"post_tag","embeddable":true,"href":"https:\/\/jorgezanoni.com.br\/2019\/wp-json\/wp\/v2\/tags?post=7706"}],"curies":[{"name":"wp","href":"https:\/\/api.w.org\/{rel}","templated":true}]}}