{"id":77056,"date":"2023-06-07T16:10:52","date_gmt":"2023-06-07T16:10:52","guid":{"rendered":"https:\/\/jorgezanoni.com.br\/2019\/?p=77056"},"modified":"2023-06-07T16:10:52","modified_gmt":"2023-06-07T16:10:52","slug":"regiao-de-presidente-prudente-recebe-maior-encontro-itinerante-da-advocacia-paulista","status":"publish","type":"post","link":"https:\/\/jorgezanoni.com.br\/2019\/regiao-de-presidente-prudente-recebe-maior-encontro-itinerante-da-advocacia-paulista\/","title":{"rendered":"Regi\u00e3o de Presidente Prudente recebe maior encontro  itinerante da advocacia paulista"},"content":{"rendered":"<p style=\"text-align: justify;\"><strong>Regi\u00e3o de Presidente Prudente recebe maior encontro\u00a0<\/strong><strong>itinerante da advocacia paulista, em 16 de junho.<\/strong><\/p>\n<p style=\"text-align: justify;\"><strong><em>Gratuita e aberta \u00e0 comunidade, 7\u00aa Confer\u00eancia Regional da OAB SP em 2023 contar\u00e1 com a participa\u00e7\u00e3o de 21 subse\u00e7\u00f5es.<\/em><\/strong><\/p>\n<p style=\"text-align: justify;\">A Ordem dos Advogados do Brasil se\u00e7\u00e3o S\u00e3o Paulo (OAB SP) promove, no pr\u00f3ximo dia 16 de junho, sua s\u00e9tima Confer\u00eancia Regional da Advocacia de 2023 (CRADV23). O evento ser\u00e1 realizado em Presidente Prudente, com a participa\u00e7\u00e3o de 21 subse\u00e7\u00f5es da OAB SP: Adamantina, Bastos, Dracena, Junqueir\u00f3polis, Luc\u00e9lia, Osvaldo Cruz, Pacaembu, Panorama, Pirapozinho, Pompeia, Presidente Bernardes, Presidente Epit\u00e1cio, Presidente Prudente, Presidente Venceslau, Quat\u00e1, Rancharia, Rosana, Santo Anast\u00e1cio, Teodoro Sampaio, Tup\u00e3 e Tupi Paulista. Somente essas cidades re\u00fanem mais de sete mil profissionais inscritos na Secional.<\/p>\n<p style=\"text-align: justify;\">Em um novo formato, promovida pelo Universo OAB SP \u2013 composto pela Ordem paulista, suas subse\u00e7\u00f5es, Caixa de Assist\u00eancia dos Advogados de S\u00e3o Paulo (CAASP), Escola Superior da Advocacia (ESA) e OABPrev-SP \u2013, a Confer\u00eancia ter\u00e1 discuss\u00f5es voltadas para temas relacionados \u00e0 transforma\u00e7\u00e3o do mercado jur\u00eddico e das rela\u00e7\u00f5es sociais, em especial, com o advento da ado\u00e7\u00e3o de novas tecnologias, fomentando outras formas de trabalho.<\/p>\n<p style=\"text-align: justify;\">Ao todo, ser\u00e3o 14 encontros por todo o Estado, mais de 220 palestrantes e sete \u201ctrilhas de aprendizagem\u201d para diversos p\u00fablicos do universo jur\u00eddico: advogados e advogadas, jovem advocacia, estudantes de Direito, al\u00e9m de diretores e colaboradores da Ordem paulista. Nas seis edi\u00e7\u00f5es anteriores (de Jundia\u00ed, Guarulhos, Osasco, S\u00e3o Carlos, S\u00e3o Caetano do Sul e Leme), a CRADV23 reuniu quase 4 mil participantes.<\/p>\n<p style=\"text-align: justify;\">\u201cPlanejamos as Confer\u00eancias Regionais da Advocacia em um modelo que acompanha as mudan\u00e7as do mundo, que ocorrem em n\u00edvel exponencial, ao permitir acesso a grandes nomes da advocacia, divulgando temas que impactam diretamente a classe, al\u00e9m de promover uma rede de relacionamento, fundamental para alavancar o sucesso profissional. Nesse sentido, os eventos s\u00e3o excelentes oportunidades de acelerar o conhecimento\u201d, explica a presidente da OAB SP, Patricia Vanzolini.<\/p>\n<p style=\"text-align: justify;\"><strong>Trilhas de aprendizagem<\/strong><\/p>\n<p style=\"text-align: justify;\">As Confer\u00eancias Regionais da Advocacia proporcionam diversas atividades, dentro do conceito de trilhas de aprendizagem, em que o participante pode, dependendo de seu perfil, acessar os conte\u00fados mais alinhados com seus objetivos.<\/p>\n<p style=\"text-align: justify;\">\u201cS\u00e3o verdadeiras imers\u00f5es de aprendizado, inclusive com alguns temas transversais, de suma relev\u00e2ncia. Esse \u00e9 um formato em linha com o universo de suporte e infraestrutura oferecido pela nossa Secional. A entidade est\u00e1 em constante moderniza\u00e7\u00e3o, reorganizando suas atividades, oferecendo mais solu\u00e7\u00f5es e benef\u00edcios em \u2018mundos de servi\u00e7os\u2019. Todas essas mudan\u00e7as est\u00e3o sendo pensadas com foco na agenda da advocacia paulista e nas necessidades da categoria\u201d, destaca a diretora secret\u00e1ria-geral da OAB SP, Daniela Magalh\u00e3es.<\/p>\n<p style=\"text-align: justify;\">Para a 7\u00aa CRADV23, j\u00e1 est\u00e3o confirmados profissionais renomados, como a conselheira federal da OAB por S\u00e3o Paulo, Alessandra Benedito, no painel \u201cOs impactos do (S) do ESG no futuro do trabalho\u201d; o presidente da Comiss\u00e3o de Direito Agr\u00e1rio da Secional, Mauricio Bunazar, em aula magna sobre \u201cContratos agr\u00e1rios\u201d; e o professor e advogado especialista em Processo Civil, Darlan Barroso, com dicas de como passar no Exame de Ordem. Na Confer\u00eancia Regional da Mulher Advogada, a conselheira federal da OAB SP e presidente da Comiss\u00e3o Nacional de Direitos Humanos, Silvia Souza, e a tamb\u00e9m conselheira federal da OAB SP, Daniela Lib\u00f3rio, v\u00e3o apresentar os seguintes temas, respectivamente: \u201cMulheres nos espa\u00e7o de poder: nossas presen\u00e7as e aus\u00eancias nos tribunais\u201d; e \u201cAdvogada, voc\u00ea tem uma carreira ou s\u00f3 trabalha?\u201d. Al\u00e9m disso, diretores da Ordem paulista, da CAASP, da ESA e da OABPrev-SP far\u00e3o exposi\u00e7\u00f5es.<\/p>\n<p style=\"text-align: justify;\">As Confer\u00eancias Regionais de 2023 s\u00e3o gratuitas e abertas \u00e0 comunidade: estudantes de Direito, jovem advocacia, advocacia aut\u00f4noma, sociedades de advocacia e pessoas interessadas em assuntos do \u00e2mbito jur\u00eddico.<\/p>\n<p style=\"text-align: justify;\"><strong>Servi\u00e7o<\/strong><\/p>\n<p style=\"text-align: justify;\">7\u00aa CRADV23<\/p>\n<p style=\"text-align: justify;\">Data: 16 de junho<\/p>\n<p style=\"text-align: justify;\">Hor\u00e1rio: 8h30 \u00e0s 18h<\/p>\n<p style=\"text-align: justify;\">Onde: OAB Presidente Prudente &#8211; Rua Dr. Jo\u00e3o Gon\u00e7alves Foz, 885, Jardim Marupiara<\/p>\n<p style=\"text-align: justify;\">Inscri\u00e7\u00f5es: sympla.com.br\/evento\/ conferencias-regionais-da-advocacia-2023-edicao-presidente-prudente\/2020933<\/p>\n<p><img loading=\"lazy\" decoding=\"async\" class=\"alignnone size-full wp-image-77057\" src=\"https:\/\/jorgezanoni.com.br\/2019\/wp-content\/uploads\/2023\/06\/o2-Pequeno.jpg\" alt=\"\" width=\"720\" height=\"480\" srcset=\"https:\/\/jorgezanoni.com.br\/2019\/wp-content\/uploads\/2023\/06\/o2-Pequeno.jpg 720w, https:\/\/jorgezanoni.com.br\/2019\/wp-content\/uploads\/2023\/06\/o2-Pequeno-300x200.jpg 300w, https:\/\/jorgezanoni.com.br\/2019\/wp-content\/uploads\/2023\/06\/o2-Pequeno-696x464.jpg 696w, https:\/\/jorgezanoni.com.br\/2019\/wp-content\/uploads\/2023\/06\/o2-Pequeno-630x420.jpg 630w\" sizes=\"auto, (max-width: 720px) 100vw, 720px\" \/> <img loading=\"lazy\" decoding=\"async\" class=\"alignnone size-full wp-image-77058\" src=\"https:\/\/jorgezanoni.com.br\/2019\/wp-content\/uploads\/2023\/06\/o1-Pequeno.jpg\" alt=\"\" width=\"720\" height=\"480\" srcset=\"https:\/\/jorgezanoni.com.br\/2019\/wp-content\/uploads\/2023\/06\/o1-Pequeno.jpg 720w, https:\/\/jorgezanoni.com.br\/2019\/wp-content\/uploads\/2023\/06\/o1-Pequeno-300x200.jpg 300w, https:\/\/jorgezanoni.com.br\/2019\/wp-content\/uploads\/2023\/06\/o1-Pequeno-696x464.jpg 696w, https:\/\/jorgezanoni.com.br\/2019\/wp-content\/uploads\/2023\/06\/o1-Pequeno-630x420.jpg 630w\" sizes=\"auto, (max-width: 720px) 100vw, 720px\" \/><\/p>\n<p>Fonte: Assessoria de Imprensa<\/p>\n","protected":false},"excerpt":{"rendered":"<p>Regi\u00e3o de Presidente Prudente recebe maior encontro\u00a0itinerante da advocacia paulista, em 16 de junho. Gratuita e aberta \u00e0 comunidade, 7\u00aa Confer\u00eancia Regional da OAB SP em 2023 contar\u00e1 com a participa\u00e7\u00e3o de 21 subse\u00e7\u00f5es. A Ordem dos Advogados do Brasil se\u00e7\u00e3o S\u00e3o Paulo (OAB SP) promove, no pr\u00f3ximo dia 16 de junho, sua s\u00e9tima Confer\u00eancia [&hellip;]<\/p>\n","protected":false},"author":1,"featured_media":77059,"comment_status":"closed","ping_status":"open","sticky":false,"template":"","format":"standard","meta":{"footnotes":""},"categories":[120,110],"tags":[],"class_list":["post-77056","post","type-post","status-publish","format-standard","has-post-thumbnail","hentry","category-justicahabitacaotecnologia","category-noticiasdestaque"],"_links":{"self":[{"href":"https:\/\/jorgezanoni.com.br\/2019\/wp-json\/wp\/v2\/posts\/77056","targetHints":{"allow":["GET"]}}],"collection":[{"href":"https:\/\/jorgezanoni.com.br\/2019\/wp-json\/wp\/v2\/posts"}],"about":[{"href":"https:\/\/jorgezanoni.com.br\/2019\/wp-json\/wp\/v2\/types\/post"}],"author":[{"embeddable":true,"href":"https:\/\/jorgezanoni.com.br\/2019\/wp-json\/wp\/v2\/users\/1"}],"replies":[{"embeddable":true,"href":"https:\/\/jorgezanoni.com.br\/2019\/wp-json\/wp\/v2\/comments?post=77056"}],"version-history":[{"count":1,"href":"https:\/\/jorgezanoni.com.br\/2019\/wp-json\/wp\/v2\/posts\/77056\/revisions"}],"predecessor-version":[{"id":77060,"href":"https:\/\/jorgezanoni.com.br\/2019\/wp-json\/wp\/v2\/posts\/77056\/revisions\/77060"}],"wp:featuredmedia":[{"embeddable":true,"href":"https:\/\/jorgezanoni.com.br\/2019\/wp-json\/wp\/v2\/media\/77059"}],"wp:attachment":[{"href":"https:\/\/jorgezanoni.com.br\/2019\/wp-json\/wp\/v2\/media?parent=77056"}],"wp:term":[{"taxonomy":"category","embeddable":true,"href":"https:\/\/jorgezanoni.com.br\/2019\/wp-json\/wp\/v2\/categories?post=77056"},{"taxonomy":"post_tag","embeddable":true,"href":"https:\/\/jorgezanoni.com.br\/2019\/wp-json\/wp\/v2\/tags?post=77056"}],"curies":[{"name":"wp","href":"https:\/\/api.w.org\/{rel}","templated":true}]}}