{"id":77045,"date":"2023-06-07T11:03:30","date_gmt":"2023-06-07T11:03:30","guid":{"rendered":"https:\/\/jorgezanoni.com.br\/2019\/?p=77045"},"modified":"2023-06-07T11:03:30","modified_gmt":"2023-06-07T11:03:30","slug":"vereadores-apresentam-requerimentos-e-indicacoes-em-sessao-ordinaria","status":"publish","type":"post","link":"https:\/\/jorgezanoni.com.br\/2019\/vereadores-apresentam-requerimentos-e-indicacoes-em-sessao-ordinaria\/","title":{"rendered":"Vereadores apresentam requerimentos e indica\u00e7\u00f5es em sess\u00e3o ordin\u00e1ria"},"content":{"rendered":"<p style=\"text-align: justify;\"><strong><em>18\u00aa sess\u00e3o foi realizada nesta segunda-feira, 5.<\/em><\/strong><\/p>\n<p style=\"text-align: justify;\">Nesta segunda-feira, 5, foi realizada a 18\u00aa sess\u00e3o ordin\u00e1ria na C\u00e2mara Municipal de Dracena. Sem projeto em pauta a ser discutido, foram apresentados ao todo 13 requerimentos e 16 indica\u00e7\u00f5es dos vereadores.<\/p>\n<p style=\"text-align: justify;\">Entre os requerimentos, os vereadores apresentaram suas preocupa\u00e7\u00f5es quanto \u00e0 falta de ilumina\u00e7\u00e3o em alguns trechos, como o trevo do Conjunto Habitacional Florindo Tabachi (Req. N.\u00ba 629\/23) e em partes da rua S\u00e3o Paulo (Req. N.\u00ba 633\/23). Na \u00e1rea da Educa\u00e7\u00e3o, foi solicitado mais informa\u00e7\u00f5es sobre a quantidade de merendeiras nas escolas municipais (Req. N.\u00ba 643\/23), enquanto que na \u00e1rea de Infraestrutura foram solicitados esclarecimentos acerca do projeto de revitaliza\u00e7\u00e3o das avenidas Washington Lu\u00eds, Presidente Vargas e Presidente Roosevelt (Req. N.\u00ba 639\/23) e da interdi\u00e7\u00e3o h\u00e1 14 anos da ponte Torta (Req. N.\u00ba 640\/23).<\/p>\n<p style=\"text-align: justify;\">J\u00e1 nas Indica\u00e7\u00f5es, momento que os vereadores sugerem melhorias no munic\u00edpio em atendimento \u00e0s demandas dos moradores, est\u00e3o as solicita\u00e7\u00f5es de opera\u00e7\u00e3o tapa-buracos em diversos pontos, troca de l\u00e2mpadas de vapor por LED, substitui\u00e7\u00e3o de \u201cguarda-corpos\u201d instalados nas esquinas e sugest\u00e3o de desenvolvimento do projeto \u201cT\u00eanis de Mesa para Todos\u201d.<\/p>\n<p style=\"text-align: justify;\">Consulte todos os pedidos de informa\u00e7\u00f5es e indica\u00e7\u00f5es na \u00edntegra no site da C\u00e2mara em camaradracena.sp.gov.br.<\/p>\n<p style=\"text-align: justify;\">Devido ao feriado de Corpus Christi, n\u00e3o haver\u00e1 expediente no legislativo nos dias 8 e 9 de junho, retornando o atendimento normal na segunda-feira, dia 12.<\/p>\n<p style=\"text-align: justify;\">A pr\u00f3xima sess\u00e3o ordin\u00e1ria ser\u00e1 realizada na segunda-feira, 12 de junho, a partir das 20h, na Casa de Leis, localizada na Rua Princesa Isabel n.\u00ba 1635. Os mun\u00edcipes podem acompanhar presencialmente ou on-line atrav\u00e9s dos meios de comunica\u00e7\u00e3o do legislativo no Facebook e YouTube.<\/p>\n<p><img loading=\"lazy\" decoding=\"async\" class=\"alignnone size-full wp-image-77047\" src=\"https:\/\/jorgezanoni.com.br\/2019\/wp-content\/uploads\/2023\/06\/vereadores-2.jpg\" alt=\"\" width=\"700\" height=\"466\" srcset=\"https:\/\/jorgezanoni.com.br\/2019\/wp-content\/uploads\/2023\/06\/vereadores-2.jpg 700w, https:\/\/jorgezanoni.com.br\/2019\/wp-content\/uploads\/2023\/06\/vereadores-2-300x200.jpg 300w, https:\/\/jorgezanoni.com.br\/2019\/wp-content\/uploads\/2023\/06\/vereadores-2-696x463.jpg 696w, https:\/\/jorgezanoni.com.br\/2019\/wp-content\/uploads\/2023\/06\/vereadores-2-631x420.jpg 631w\" sizes=\"auto, (max-width: 700px) 100vw, 700px\" \/><\/p>\n<p style=\"text-align: justify;\">Fonte: Assessoria de Comunica\u00e7\u00e3o<\/p>\n","protected":false},"excerpt":{"rendered":"<p>18\u00aa sess\u00e3o foi realizada nesta segunda-feira, 5. Nesta segunda-feira, 5, foi realizada a 18\u00aa sess\u00e3o ordin\u00e1ria na C\u00e2mara Municipal de Dracena. Sem projeto em pauta a ser discutido, foram apresentados ao todo 13 requerimentos e 16 indica\u00e7\u00f5es dos vereadores. Entre os requerimentos, os vereadores apresentaram suas preocupa\u00e7\u00f5es quanto \u00e0 falta de ilumina\u00e7\u00e3o em alguns trechos, [&hellip;]<\/p>\n","protected":false},"author":1,"featured_media":77046,"comment_status":"closed","ping_status":"open","sticky":false,"template":"","format":"standard","meta":{"footnotes":""},"categories":[110,116],"tags":[],"class_list":["post-77045","post","type-post","status-publish","format-standard","has-post-thumbnail","hentry","category-noticiasdestaque","category-politicaeeconomia"],"_links":{"self":[{"href":"https:\/\/jorgezanoni.com.br\/2019\/wp-json\/wp\/v2\/posts\/77045","targetHints":{"allow":["GET"]}}],"collection":[{"href":"https:\/\/jorgezanoni.com.br\/2019\/wp-json\/wp\/v2\/posts"}],"about":[{"href":"https:\/\/jorgezanoni.com.br\/2019\/wp-json\/wp\/v2\/types\/post"}],"author":[{"embeddable":true,"href":"https:\/\/jorgezanoni.com.br\/2019\/wp-json\/wp\/v2\/users\/1"}],"replies":[{"embeddable":true,"href":"https:\/\/jorgezanoni.com.br\/2019\/wp-json\/wp\/v2\/comments?post=77045"}],"version-history":[{"count":1,"href":"https:\/\/jorgezanoni.com.br\/2019\/wp-json\/wp\/v2\/posts\/77045\/revisions"}],"predecessor-version":[{"id":77048,"href":"https:\/\/jorgezanoni.com.br\/2019\/wp-json\/wp\/v2\/posts\/77045\/revisions\/77048"}],"wp:featuredmedia":[{"embeddable":true,"href":"https:\/\/jorgezanoni.com.br\/2019\/wp-json\/wp\/v2\/media\/77046"}],"wp:attachment":[{"href":"https:\/\/jorgezanoni.com.br\/2019\/wp-json\/wp\/v2\/media?parent=77045"}],"wp:term":[{"taxonomy":"category","embeddable":true,"href":"https:\/\/jorgezanoni.com.br\/2019\/wp-json\/wp\/v2\/categories?post=77045"},{"taxonomy":"post_tag","embeddable":true,"href":"https:\/\/jorgezanoni.com.br\/2019\/wp-json\/wp\/v2\/tags?post=77045"}],"curies":[{"name":"wp","href":"https:\/\/api.w.org\/{rel}","templated":true}]}}