{"id":77016,"date":"2023-06-06T16:18:38","date_gmt":"2023-06-06T16:18:38","guid":{"rendered":"https:\/\/jorgezanoni.com.br\/2019\/?p=77016"},"modified":"2023-06-06T21:28:43","modified_gmt":"2023-06-06T21:28:43","slug":"diretor-nestor-tobias-filho-nao-faz-mais-parte-da-administracao-municipal","status":"publish","type":"post","link":"https:\/\/jorgezanoni.com.br\/2019\/diretor-nestor-tobias-filho-nao-faz-mais-parte-da-administracao-municipal\/","title":{"rendered":"Diretor Nestor Tobias Filho n\u00e3o faz mais parte da Administra\u00e7\u00e3o Municipal"},"content":{"rendered":"<p style=\"text-align: justify;\">O Diretor de Desenvolvimento Econ\u00f4mico e respons\u00e1vel pelo Senai de Dracena, Nestor Tobias Filho, deixou o cargo na \u00faltima sexta-feira (2),<\/p>\n<p style=\"text-align: justify;\">Agradece ao professores, alunos, colaboradores e todos que estiveram ao seu lado durante o per\u00edodo que prestou servi\u00e7os \u00e0 frente da Secretaria.<\/p>\n<p style=\"text-align: justify;\">O SITE JZ e TOP TV entrou em contato com a Assessoria de Imprensa da Prefeitura no in\u00edcio da tarde de hoje (6) e at\u00e9 o fechamento desta mat\u00e9ria n\u00e3o recebeu nenhuma nota.<\/p>\n<p style=\"text-align: justify;\">Jorge Zanoni<\/p>\n","protected":false},"excerpt":{"rendered":"<p>O Diretor de Desenvolvimento Econ\u00f4mico e respons\u00e1vel pelo Senai de Dracena, Nestor Tobias Filho, deixou o cargo na \u00faltima sexta-feira (2), Agradece ao professores, alunos, colaboradores e todos que estiveram ao seu lado durante o per\u00edodo que prestou servi\u00e7os \u00e0 frente da Secretaria. O SITE JZ e TOP TV entrou em contato com a Assessoria [&hellip;]<\/p>\n","protected":false},"author":1,"featured_media":77017,"comment_status":"closed","ping_status":"open","sticky":false,"template":"","format":"standard","meta":{"footnotes":""},"categories":[110,116],"tags":[],"class_list":["post-77016","post","type-post","status-publish","format-standard","has-post-thumbnail","hentry","category-noticiasdestaque","category-politicaeeconomia"],"_links":{"self":[{"href":"https:\/\/jorgezanoni.com.br\/2019\/wp-json\/wp\/v2\/posts\/77016","targetHints":{"allow":["GET"]}}],"collection":[{"href":"https:\/\/jorgezanoni.com.br\/2019\/wp-json\/wp\/v2\/posts"}],"about":[{"href":"https:\/\/jorgezanoni.com.br\/2019\/wp-json\/wp\/v2\/types\/post"}],"author":[{"embeddable":true,"href":"https:\/\/jorgezanoni.com.br\/2019\/wp-json\/wp\/v2\/users\/1"}],"replies":[{"embeddable":true,"href":"https:\/\/jorgezanoni.com.br\/2019\/wp-json\/wp\/v2\/comments?post=77016"}],"version-history":[{"count":3,"href":"https:\/\/jorgezanoni.com.br\/2019\/wp-json\/wp\/v2\/posts\/77016\/revisions"}],"predecessor-version":[{"id":77025,"href":"https:\/\/jorgezanoni.com.br\/2019\/wp-json\/wp\/v2\/posts\/77016\/revisions\/77025"}],"wp:featuredmedia":[{"embeddable":true,"href":"https:\/\/jorgezanoni.com.br\/2019\/wp-json\/wp\/v2\/media\/77017"}],"wp:attachment":[{"href":"https:\/\/jorgezanoni.com.br\/2019\/wp-json\/wp\/v2\/media?parent=77016"}],"wp:term":[{"taxonomy":"category","embeddable":true,"href":"https:\/\/jorgezanoni.com.br\/2019\/wp-json\/wp\/v2\/categories?post=77016"},{"taxonomy":"post_tag","embeddable":true,"href":"https:\/\/jorgezanoni.com.br\/2019\/wp-json\/wp\/v2\/tags?post=77016"}],"curies":[{"name":"wp","href":"https:\/\/api.w.org\/{rel}","templated":true}]}}