{"id":77007,"date":"2023-06-06T18:08:16","date_gmt":"2023-06-06T18:08:16","guid":{"rendered":"https:\/\/jorgezanoni.com.br\/2019\/?p=77007"},"modified":"2023-06-06T21:20:31","modified_gmt":"2023-06-06T21:20:31","slug":"terreno-comeca-ser-preparado-para-receber-grande-rede-de-supermercado-em-dracena","status":"publish","type":"post","link":"https:\/\/jorgezanoni.com.br\/2019\/terreno-comeca-ser-preparado-para-receber-grande-rede-de-supermercado-em-dracena\/","title":{"rendered":"Terreno come\u00e7a ser preparado para receber grande rede de Supermercado em Dracena"},"content":{"rendered":"<p style=\"text-align: justify;\"><strong>Loja ser\u00e1 cart\u00e3o de visita da &#8220;Cidade Milagre&#8221;. Trevo da Santa, foi o local escolhido.<\/strong><\/p>\n<p style=\"text-align: justify;\">Quem sai de Dracena pela Avenida Jos\u00e9 Bonif\u00e1cio, j\u00e1 pode observar que o local onde era uma Ch\u00e1cara do lado direito da Avenida Jos\u00e9 Bonif\u00e1cio, antes da pista da Rodovia Comandante Jo\u00e3o Ribeiro de Barros, SP-294, que come\u00e7aram a retirada das \u00e1rvores e limpeza do terreno que abrigar\u00e1 uma das Lojas do Supermercado Proen\u00e7a.<\/p>\n<p style=\"text-align: justify;\">S\u00e3o mais de 20 lojas nas cidades de Auriflama, Pereira Barreto, Ilha Solteira, Tr\u00eas Lagoas, Jales, S\u00e3o Jos\u00e9 do Rio Preto, Votuporanga, Tanabi, Santa F\u00e9 do Sul Catanduva, Jos\u00e9 Bonif\u00e1cio, Fernand\u00f3polis e Ol\u00edmpia.<\/p>\n<h1 class=\"text-uppercase text-center\" style=\"text-align: justify;\">HIST\u00d3RIA DA EMPRESA<\/h1>\n<hr \/>\n<p class=\"text-uppercase text-justify\" style=\"text-align: justify;\">O PROEN\u00c7A SUPERMERCADOS, COM SEDE EM PEREIRA BARRETO, NO INTERIOR DO ESTADO DE S\u00c3O PAULO, FOI FUNDADO EM 1960 PELO EMPREENDEDOR FERNANDO LOPES FARINHA. COM MUITO TRABALHO E DEDICA\u00c7\u00c3O, A EMPRESA CRESCEU E SE TRANSFORMOU NA REDE PROEN\u00c7A SUPERMERCADOS. AS PARCERIAS FIRMADAS AO LONGO DOS ANOS, ALIADAS AO PROFISSIONALISMO E DEDICA\u00c7\u00c3O, TRANSFORMARAM A MARCA PROEN\u00c7A EM SIN\u00d4NIMO DE QUALIDADE E ECONOMIA. AS LOJAS POSSUEM INFRAESTRUTURA DE PONTA COM INSTALA\u00c7\u00d5ES AMPLAS E CONFORT\u00c1VEIS, A FIM DE PROPORCIONAR O MELHOR ATENDIMENTO. AL\u00c9M DA EFICI\u00caNCIA NOS SERVI\u00c7OS PRESTADOS, A REDE PROMOVE CAMPANHAS COM SORTEIO DE PR\u00caMIOS, UM GRANDE SUCESSO ENTRE OS CONSUMIDORES. O PROEN\u00c7A SEGUE EM DESENVOLVIMENTO, AMPLIANDO O VOLUME DE OPERA\u00c7\u00d5ES E INVESTINDO EM DIVERSIDADE DE PRODUTOS E SERVI\u00c7OS. EM CADA CIDADE QUE SE INSTALA, A EMPRESA CONQUISTA CLIENTES E CRIAR RA\u00cdZES, AL\u00c9M DE OFERECER OPORTUNIDADE DE TRABALHO PARA CENTENAS DE PESSOAS. ATRAV\u00c9S DE UMA POL\u00cdTICA CORRETA E ARROJADA, O PROEN\u00c7A ESCREVE SUA HIST\u00d3RIA, TRABALHANDO CONTINUAMENTE PELO BEM-ESTAR DO CONSUMIDOR.<\/p>\n<p style=\"text-align: justify;\">Fonte: https:\/\/www.proenca.com.br\/<\/p>\n<p style=\"text-align: justify;\">H\u00e1 informa\u00e7\u00f5es a serem confirmadas, que ap\u00f3s a pista da SP-294, ao lado da empresa AOKI, ser\u00e1 constru\u00eddo um outro Supermecado, s\u00f3 que Atacadista.<\/p>\n<p style=\"text-align: justify;\">Um outro Supermercado da Rede Big Mart j\u00e1 est\u00e1 em constru\u00e7\u00e3o na Rua dos Mangueirais esquina com Rua Inglaterra, no final do Jardim das Palmeiras IV.<\/p>\n<p style=\"text-align: justify;\">O Site JZ e TOP TV agradecem a dire\u00e7\u00e3o da Rede Proen\u00e7a de Supermercados por ter acreditado em Dracena, desejando desde j\u00e1 as boas-vias e muito sucesso em nossa cidade e regi\u00e3o.<\/p>\n<p><img loading=\"lazy\" decoding=\"async\" class=\"alignnone size-full wp-image-77008\" src=\"https:\/\/jorgezanoni.com.br\/2019\/wp-content\/uploads\/2023\/06\/IMG_6171-Pequeno-2.jpg\" alt=\"\" width=\"640\" height=\"336\" srcset=\"https:\/\/jorgezanoni.com.br\/2019\/wp-content\/uploads\/2023\/06\/IMG_6171-Pequeno-2.jpg 640w, https:\/\/jorgezanoni.com.br\/2019\/wp-content\/uploads\/2023\/06\/IMG_6171-Pequeno-2-300x158.jpg 300w\" sizes=\"auto, (max-width: 640px) 100vw, 640px\" \/> <img loading=\"lazy\" decoding=\"async\" class=\"alignnone size-full wp-image-77009\" src=\"https:\/\/jorgezanoni.com.br\/2019\/wp-content\/uploads\/2023\/06\/IMG_6172-Pequeno-2.jpg\" alt=\"\" width=\"637\" height=\"392\" srcset=\"https:\/\/jorgezanoni.com.br\/2019\/wp-content\/uploads\/2023\/06\/IMG_6172-Pequeno-2.jpg 637w, https:\/\/jorgezanoni.com.br\/2019\/wp-content\/uploads\/2023\/06\/IMG_6172-Pequeno-2-300x185.jpg 300w, https:\/\/jorgezanoni.com.br\/2019\/wp-content\/uploads\/2023\/06\/IMG_6172-Pequeno-2-356x220.jpg 356w\" sizes=\"auto, (max-width: 637px) 100vw, 637px\" \/> <img loading=\"lazy\" decoding=\"async\" class=\"alignnone size-full wp-image-77010\" src=\"https:\/\/jorgezanoni.com.br\/2019\/wp-content\/uploads\/2023\/06\/IMG_6173-Pequeno-2.jpg\" alt=\"\" width=\"590\" height=\"339\" srcset=\"https:\/\/jorgezanoni.com.br\/2019\/wp-content\/uploads\/2023\/06\/IMG_6173-Pequeno-2.jpg 590w, https:\/\/jorgezanoni.com.br\/2019\/wp-content\/uploads\/2023\/06\/IMG_6173-Pequeno-2-300x172.jpg 300w\" sizes=\"auto, (max-width: 590px) 100vw, 590px\" \/> <img loading=\"lazy\" decoding=\"async\" class=\"alignnone size-full wp-image-77011\" src=\"https:\/\/jorgezanoni.com.br\/2019\/wp-content\/uploads\/2023\/06\/IMG_6174-Pequeno-2.jpg\" alt=\"\" width=\"639\" height=\"400\" srcset=\"https:\/\/jorgezanoni.com.br\/2019\/wp-content\/uploads\/2023\/06\/IMG_6174-Pequeno-2.jpg 639w, https:\/\/jorgezanoni.com.br\/2019\/wp-content\/uploads\/2023\/06\/IMG_6174-Pequeno-2-300x188.jpg 300w\" sizes=\"auto, (max-width: 639px) 100vw, 639px\" \/> <img loading=\"lazy\" decoding=\"async\" class=\"alignnone size-full wp-image-77012\" src=\"https:\/\/jorgezanoni.com.br\/2019\/wp-content\/uploads\/2023\/06\/IMG_6176-Pequeno-2.jpg\" alt=\"\" width=\"624\" height=\"417\" srcset=\"https:\/\/jorgezanoni.com.br\/2019\/wp-content\/uploads\/2023\/06\/IMG_6176-Pequeno-2.jpg 624w, https:\/\/jorgezanoni.com.br\/2019\/wp-content\/uploads\/2023\/06\/IMG_6176-Pequeno-2-300x200.jpg 300w\" sizes=\"auto, (max-width: 624px) 100vw, 624px\" \/> <img loading=\"lazy\" decoding=\"async\" class=\"alignnone size-full wp-image-77013\" src=\"https:\/\/jorgezanoni.com.br\/2019\/wp-content\/uploads\/2023\/06\/IMG_6177-Pequeno-2.jpg\" alt=\"\" width=\"640\" height=\"358\" srcset=\"https:\/\/jorgezanoni.com.br\/2019\/wp-content\/uploads\/2023\/06\/IMG_6177-Pequeno-2.jpg 640w, https:\/\/jorgezanoni.com.br\/2019\/wp-content\/uploads\/2023\/06\/IMG_6177-Pequeno-2-300x168.jpg 300w\" sizes=\"auto, (max-width: 640px) 100vw, 640px\" \/><\/p>\n<p>Jorge Zanoni<\/p>\n<p>&nbsp;<\/p>\n<p style=\"text-align: justify;\">\n","protected":false},"excerpt":{"rendered":"<p>Loja ser\u00e1 cart\u00e3o de visita da &#8220;Cidade Milagre&#8221;. Trevo da Santa, foi o local escolhido. Quem sai de Dracena pela Avenida Jos\u00e9 Bonif\u00e1cio, j\u00e1 pode observar que o local onde era uma Ch\u00e1cara do lado direito da Avenida Jos\u00e9 Bonif\u00e1cio, antes da pista da Rodovia Comandante Jo\u00e3o Ribeiro de Barros, SP-294, que come\u00e7aram a retirada [&hellip;]<\/p>\n","protected":false},"author":1,"featured_media":77011,"comment_status":"closed","ping_status":"open","sticky":false,"template":"","format":"standard","meta":{"footnotes":""},"categories":[179,184],"tags":[],"class_list":["post-77007","post","type-post","status-publish","format-standard","has-post-thumbnail","hentry","category-cidadeseregiao","category-dracena"],"_links":{"self":[{"href":"https:\/\/jorgezanoni.com.br\/2019\/wp-json\/wp\/v2\/posts\/77007","targetHints":{"allow":["GET"]}}],"collection":[{"href":"https:\/\/jorgezanoni.com.br\/2019\/wp-json\/wp\/v2\/posts"}],"about":[{"href":"https:\/\/jorgezanoni.com.br\/2019\/wp-json\/wp\/v2\/types\/post"}],"author":[{"embeddable":true,"href":"https:\/\/jorgezanoni.com.br\/2019\/wp-json\/wp\/v2\/users\/1"}],"replies":[{"embeddable":true,"href":"https:\/\/jorgezanoni.com.br\/2019\/wp-json\/wp\/v2\/comments?post=77007"}],"version-history":[{"count":5,"href":"https:\/\/jorgezanoni.com.br\/2019\/wp-json\/wp\/v2\/posts\/77007\/revisions"}],"predecessor-version":[{"id":77023,"href":"https:\/\/jorgezanoni.com.br\/2019\/wp-json\/wp\/v2\/posts\/77007\/revisions\/77023"}],"wp:featuredmedia":[{"embeddable":true,"href":"https:\/\/jorgezanoni.com.br\/2019\/wp-json\/wp\/v2\/media\/77011"}],"wp:attachment":[{"href":"https:\/\/jorgezanoni.com.br\/2019\/wp-json\/wp\/v2\/media?parent=77007"}],"wp:term":[{"taxonomy":"category","embeddable":true,"href":"https:\/\/jorgezanoni.com.br\/2019\/wp-json\/wp\/v2\/categories?post=77007"},{"taxonomy":"post_tag","embeddable":true,"href":"https:\/\/jorgezanoni.com.br\/2019\/wp-json\/wp\/v2\/tags?post=77007"}],"curies":[{"name":"wp","href":"https:\/\/api.w.org\/{rel}","templated":true}]}}