{"id":77000,"date":"2023-06-06T10:53:45","date_gmt":"2023-06-06T10:53:45","guid":{"rendered":"https:\/\/jorgezanoni.com.br\/2019\/?p=77000"},"modified":"2023-06-06T10:53:45","modified_gmt":"2023-06-06T10:53:45","slug":"cpi-8-recebe-novos-oficiais-da-policia-militar","status":"publish","type":"post","link":"https:\/\/jorgezanoni.com.br\/2019\/cpi-8-recebe-novos-oficiais-da-policia-militar\/","title":{"rendered":"CPI-8 recebe novos oficiais da Pol\u00edcia Militar"},"content":{"rendered":"<p style=\"text-align: justify;\">Na tarde de hoje (05), o Coronel PM Marcio Cortez, Comandante do Policiamento do Interior \u2013 8 recebeu os novos Aspirantes a Oficiais da Pol\u00edcia Militar que se formaram na Academia de Pol\u00edcia Militar do Barro Branco em S\u00e3o Paulo e que exercer\u00e3o suas fun\u00e7\u00f5es na \u00e1rea dos 04 Batalh\u00f5es subordinados a este Grande Comando, regi\u00e3o de Presidente Prudente, Dracena, Assis e Presidente Venceslau.<br \/>\nQue Deus aben\u00e7oe, proteja e guie os Senhores em todas as tomadas de decis\u00f5es!<\/p>\n<p><img loading=\"lazy\" decoding=\"async\" class=\"alignnone size-full wp-image-77001\" src=\"https:\/\/jorgezanoni.com.br\/2019\/wp-content\/uploads\/2023\/06\/asp.jpg\" alt=\"\" width=\"700\" height=\"422\" srcset=\"https:\/\/jorgezanoni.com.br\/2019\/wp-content\/uploads\/2023\/06\/asp.jpg 700w, https:\/\/jorgezanoni.com.br\/2019\/wp-content\/uploads\/2023\/06\/asp-300x181.jpg 300w, https:\/\/jorgezanoni.com.br\/2019\/wp-content\/uploads\/2023\/06\/asp-696x420.jpg 696w, https:\/\/jorgezanoni.com.br\/2019\/wp-content\/uploads\/2023\/06\/asp-697x420.jpg 697w\" sizes=\"auto, (max-width: 700px) 100vw, 700px\" \/><\/p>\n<p>Pol\u00edcia Militar.<br \/>\nRumo aos 200 anos.<br \/>\nVamos todos juntos, ningu\u00e9m fica para tr\u00e1s.<br \/>\nSE\u00c7\u00c3O DE COMUNICA\u00c7\u00c3O SOCIAL CPI-8<\/p>\n","protected":false},"excerpt":{"rendered":"<p>Na tarde de hoje (05), o Coronel PM Marcio Cortez, Comandante do Policiamento do Interior \u2013 8 recebeu os novos Aspirantes a Oficiais da Pol\u00edcia Militar que se formaram na Academia de Pol\u00edcia Militar do Barro Branco em S\u00e3o Paulo e que exercer\u00e3o suas fun\u00e7\u00f5es na \u00e1rea dos 04 Batalh\u00f5es subordinados a este Grande Comando, [&hellip;]<\/p>\n","protected":false},"author":1,"featured_media":77002,"comment_status":"closed","ping_status":"open","sticky":false,"template":"","format":"standard","meta":{"footnotes":""},"categories":[110,2],"tags":[],"class_list":["post-77000","post","type-post","status-publish","format-standard","has-post-thumbnail","hentry","category-noticiasdestaque","category-policial"],"_links":{"self":[{"href":"https:\/\/jorgezanoni.com.br\/2019\/wp-json\/wp\/v2\/posts\/77000","targetHints":{"allow":["GET"]}}],"collection":[{"href":"https:\/\/jorgezanoni.com.br\/2019\/wp-json\/wp\/v2\/posts"}],"about":[{"href":"https:\/\/jorgezanoni.com.br\/2019\/wp-json\/wp\/v2\/types\/post"}],"author":[{"embeddable":true,"href":"https:\/\/jorgezanoni.com.br\/2019\/wp-json\/wp\/v2\/users\/1"}],"replies":[{"embeddable":true,"href":"https:\/\/jorgezanoni.com.br\/2019\/wp-json\/wp\/v2\/comments?post=77000"}],"version-history":[{"count":1,"href":"https:\/\/jorgezanoni.com.br\/2019\/wp-json\/wp\/v2\/posts\/77000\/revisions"}],"predecessor-version":[{"id":77003,"href":"https:\/\/jorgezanoni.com.br\/2019\/wp-json\/wp\/v2\/posts\/77000\/revisions\/77003"}],"wp:featuredmedia":[{"embeddable":true,"href":"https:\/\/jorgezanoni.com.br\/2019\/wp-json\/wp\/v2\/media\/77002"}],"wp:attachment":[{"href":"https:\/\/jorgezanoni.com.br\/2019\/wp-json\/wp\/v2\/media?parent=77000"}],"wp:term":[{"taxonomy":"category","embeddable":true,"href":"https:\/\/jorgezanoni.com.br\/2019\/wp-json\/wp\/v2\/categories?post=77000"},{"taxonomy":"post_tag","embeddable":true,"href":"https:\/\/jorgezanoni.com.br\/2019\/wp-json\/wp\/v2\/tags?post=77000"}],"curies":[{"name":"wp","href":"https:\/\/api.w.org\/{rel}","templated":true}]}}