{"id":76982,"date":"2023-06-05T17:13:47","date_gmt":"2023-06-05T17:13:47","guid":{"rendered":"https:\/\/jorgezanoni.com.br\/2019\/?p=76982"},"modified":"2023-06-05T17:13:47","modified_gmt":"2023-06-05T17:13:47","slug":"policia-militar-prende-homem-por-trafico-de-drogas-em-dracena-9","status":"publish","type":"post","link":"https:\/\/jorgezanoni.com.br\/2019\/policia-militar-prende-homem-por-trafico-de-drogas-em-dracena-9\/","title":{"rendered":"Pol\u00edcia Militar prende homem por Tr\u00e1fico de Drogas em Dracena"},"content":{"rendered":"<p style=\"text-align: justify;\"><strong>SEMPRE ATENTOS: POL\u00cdCIA MILITAR PRENDE HOMEM POR TR\u00c1FICO DE DROGAS EM DRACENA COM 13 POR\u00c7\u00d5ES DE COCA\u00cdNA.<\/strong><\/p>\n<p style=\"text-align: justify;\">Na data de ontem (4) por volta das 23h30min durante patrulhamento de For\u00e7a T\u00e1tica pelo bairro Jardim Brasil\u00e2ndia, a equipe visualizou um indiv\u00edduo pela Rua Osvaldo Paulino dos Santos empurrando uma motocicleta ao visualizar a equipe policial o indiv\u00edduo levou a m\u00e3o no bolso da blusa e arremessou uma sacola pl\u00e1stica.<br \/>\nFoi realizada a abordagem e busca pessoal localizado um celular e pr\u00f3ximo a ele foi localizado a sacola pl\u00e1stica arremessada por ele contendo em seu interior 13 por\u00e7\u00f5es de coca\u00edna.<br \/>\nDiante dos fatos a ocorr\u00eancia foi conduzida ao Plant\u00e3o Pol\u00edcia Judici\u00e1ria onde foi elaborado BOPC de tr\u00e1fico de drogas por Portaria.<\/p>\n<p>Fonte: Com. Social Pol\u00edcia Militar<\/p>\n","protected":false},"excerpt":{"rendered":"<p>SEMPRE ATENTOS: POL\u00cdCIA MILITAR PRENDE HOMEM POR TR\u00c1FICO DE DROGAS EM DRACENA COM 13 POR\u00c7\u00d5ES DE COCA\u00cdNA. Na data de ontem (4) por volta das 23h30min durante patrulhamento de For\u00e7a T\u00e1tica pelo bairro Jardim Brasil\u00e2ndia, a equipe visualizou um indiv\u00edduo pela Rua Osvaldo Paulino dos Santos empurrando uma motocicleta ao visualizar a equipe policial o [&hellip;]<\/p>\n","protected":false},"author":1,"featured_media":76983,"comment_status":"closed","ping_status":"open","sticky":false,"template":"","format":"standard","meta":{"footnotes":""},"categories":[110,2],"tags":[],"class_list":["post-76982","post","type-post","status-publish","format-standard","has-post-thumbnail","hentry","category-noticiasdestaque","category-policial"],"_links":{"self":[{"href":"https:\/\/jorgezanoni.com.br\/2019\/wp-json\/wp\/v2\/posts\/76982","targetHints":{"allow":["GET"]}}],"collection":[{"href":"https:\/\/jorgezanoni.com.br\/2019\/wp-json\/wp\/v2\/posts"}],"about":[{"href":"https:\/\/jorgezanoni.com.br\/2019\/wp-json\/wp\/v2\/types\/post"}],"author":[{"embeddable":true,"href":"https:\/\/jorgezanoni.com.br\/2019\/wp-json\/wp\/v2\/users\/1"}],"replies":[{"embeddable":true,"href":"https:\/\/jorgezanoni.com.br\/2019\/wp-json\/wp\/v2\/comments?post=76982"}],"version-history":[{"count":1,"href":"https:\/\/jorgezanoni.com.br\/2019\/wp-json\/wp\/v2\/posts\/76982\/revisions"}],"predecessor-version":[{"id":76984,"href":"https:\/\/jorgezanoni.com.br\/2019\/wp-json\/wp\/v2\/posts\/76982\/revisions\/76984"}],"wp:featuredmedia":[{"embeddable":true,"href":"https:\/\/jorgezanoni.com.br\/2019\/wp-json\/wp\/v2\/media\/76983"}],"wp:attachment":[{"href":"https:\/\/jorgezanoni.com.br\/2019\/wp-json\/wp\/v2\/media?parent=76982"}],"wp:term":[{"taxonomy":"category","embeddable":true,"href":"https:\/\/jorgezanoni.com.br\/2019\/wp-json\/wp\/v2\/categories?post=76982"},{"taxonomy":"post_tag","embeddable":true,"href":"https:\/\/jorgezanoni.com.br\/2019\/wp-json\/wp\/v2\/tags?post=76982"}],"curies":[{"name":"wp","href":"https:\/\/api.w.org\/{rel}","templated":true}]}}