{"id":76831,"date":"2023-06-03T16:48:27","date_gmt":"2023-06-03T16:48:27","guid":{"rendered":"https:\/\/jorgezanoni.com.br\/2019\/?p=76831"},"modified":"2023-06-03T16:48:27","modified_gmt":"2023-06-03T16:48:27","slug":"tarifas-nos-pedagios-serao-reajustadas-em-rodovias-da-eixo-sp-neste-domingo","status":"publish","type":"post","link":"https:\/\/jorgezanoni.com.br\/2019\/tarifas-nos-pedagios-serao-reajustadas-em-rodovias-da-eixo-sp-neste-domingo\/","title":{"rendered":"Tarifas nos ped\u00e1gios ser\u00e3o reajustadas em rodovias da Eixo SP neste domingo"},"content":{"rendered":"<div>\n<p class=\"v1MsoNormal\" style=\"text-align: justify;\" align=\"center\"><strong><i>Atualiza\u00e7\u00e3o dos valores teve como base o IPCA e foi publicada em edi\u00e7\u00e3o do Di\u00e1rio Oficial.<\/i><\/strong><\/p>\n<p class=\"v1MsoNormal\" style=\"text-align: justify;\">A partir da 0h deste domingo (4), os valores das tarifas de ped\u00e1gio em todas as pra\u00e7as da Eixo SP Concession\u00e1ria de Rodovias ser\u00e3o atualizados. O reajuste anual, previsto em contrato de concess\u00e3o, ser\u00e1 de 4,18%, com base na infla\u00e7\u00e3o, medida pelo IPCA (\u00cdndice de Pre\u00e7os ao Consumidor Amplo) do per\u00edodo.<\/p>\n<p class=\"v1MsoNormal\" style=\"text-align: justify;\">A atualiza\u00e7\u00e3o dos valores foi homologada pela Artesp (Ag\u00eancia Reguladora de Transportes do Estado de S\u00e3o Paulo) e publicada no Di\u00e1rio Oficial desta sexta-feira (2).<\/p>\n<p class=\"v1MsoNormal\" style=\"text-align: justify;\">Confira no link abaixo os valores atualizados que entrar\u00e3o em vigor a partir deste domingo.<\/p>\n<p class=\"v1MsoNormal\" style=\"text-align: justify;\"><a href=\"https:\/\/drive.google.com\/file\/d\/1bDkJA1Tfyi2N0i3VYsf4RNO7KTGSQFdw\/view?usp=share_link\" target=\"_blank\" rel=\"noopener noreferrer\">https:\/\/drive.google.com\/file\/d\/1bDkJA1Tfyi2N0i3VYsf4RNO7KTGSQFdw\/view?usp=share_link<\/a><\/p>\n<p class=\"v1MsoNormal\" style=\"text-align: justify;\"><b>Desconto progressivo<\/b><\/p>\n<p class=\"v1MsoNormal\" style=\"text-align: justify;\">Os motoristas de ve\u00edculos de passeio (categoria 1) que utilizam o sistema de cobran\u00e7a autom\u00e1tica e viajam pelas 12 rodovias sob gest\u00e3o da Eixo SP t\u00eam descontos por uso cont\u00ednuo. O DUF (Desconto de Usu\u00e1rio Frequente) est\u00e1 integrado \u00e0s operadoras do sistema eletr\u00f4nico de pagamento de ped\u00e1gio. Na pr\u00e1tica, o desconto para ve\u00edculos de passeio (categoria 1) come\u00e7a a contar a partir da segunda passagem realizada na mesma pra\u00e7a de ped\u00e1gio, no mesmo sentido de fluxo e dentro de um mesmo m\u00eas calend\u00e1rio. Os descontos no m\u00eas podem chegar a at\u00e9 90%.<\/p>\n<p class=\"v1MsoNormal\" style=\"text-align: justify;\"><b>Benef\u00edcio nas pistas autom\u00e1ticas<\/b><\/p>\n<p class=\"v1MsoNormal\" style=\"text-align: justify;\">Os usu\u00e1rios de qualquer categoria de ve\u00edculo que utilizam as pistas autom\u00e1ticas com tags nas rodovias da Eixo SP t\u00eam 5% de desconto no pagamento das tarifas. O benef\u00edcio de 5% para ve\u00edculos na categoria 1 \u00e9 v\u00e1lido na primeira passagem no m\u00eas calend\u00e1rio. A partir da segunda passagem, ocorre a inclus\u00e3o autom\u00e1tica no sistema DUF.<\/p>\n<p class=\"v1MsoNormal\" style=\"text-align: justify;\"><b>Sobre a Eixo SP<\/b><\/p>\n<p class=\"v1MsoNormal\" style=\"text-align: justify;\">A Eixo SP Concession\u00e1ria de Rodovias administra mais de 1.221 km de estradas que passam por 62 munic\u00edpios da regi\u00e3o de Rio Claro, no centro do Estado, at\u00e9 Panorama, no extremo oeste, na divisa com o Mato Grosso do Sul. O maior contrato sob supervis\u00e3o da Artesp (Ag\u00eancia Reguladora de Transportes do Estado de S\u00e3o Paulo) ter\u00e1 investimentos na ordem de R$ 14 bilh\u00f5es em obras de amplia\u00e7\u00e3o, conserva\u00e7\u00e3o, al\u00e9m da moderniza\u00e7\u00e3o de servi\u00e7os ao usu\u00e1rio. Para mais informa\u00e7\u00f5es acesse:\u00a0<a href=\"http:\/\/www.eixosp.com.br\/\" target=\"_blank\" rel=\"noopener noreferrer\">www.eixosp.com.br<\/a>.<\/p>\n<\/div>\n<div style=\"text-align: justify;\">Fonte: Assessoria de Imprensa Eixo<\/div>\n","protected":false},"excerpt":{"rendered":"<p>Atualiza\u00e7\u00e3o dos valores teve como base o IPCA e foi publicada em edi\u00e7\u00e3o do Di\u00e1rio Oficial. A partir da 0h deste domingo (4), os valores das tarifas de ped\u00e1gio em todas as pra\u00e7as da Eixo SP Concession\u00e1ria de Rodovias ser\u00e3o atualizados. O reajuste anual, previsto em contrato de concess\u00e3o, ser\u00e1 de 4,18%, com base na [&hellip;]<\/p>\n","protected":false},"author":1,"featured_media":76832,"comment_status":"closed","ping_status":"open","sticky":false,"template":"","format":"standard","meta":{"footnotes":""},"categories":[180,110],"tags":[],"class_list":["post-76831","post","type-post","status-publish","format-standard","has-post-thumbnail","hentry","category-estradastransitoveiculos","category-noticiasdestaque"],"_links":{"self":[{"href":"https:\/\/jorgezanoni.com.br\/2019\/wp-json\/wp\/v2\/posts\/76831","targetHints":{"allow":["GET"]}}],"collection":[{"href":"https:\/\/jorgezanoni.com.br\/2019\/wp-json\/wp\/v2\/posts"}],"about":[{"href":"https:\/\/jorgezanoni.com.br\/2019\/wp-json\/wp\/v2\/types\/post"}],"author":[{"embeddable":true,"href":"https:\/\/jorgezanoni.com.br\/2019\/wp-json\/wp\/v2\/users\/1"}],"replies":[{"embeddable":true,"href":"https:\/\/jorgezanoni.com.br\/2019\/wp-json\/wp\/v2\/comments?post=76831"}],"version-history":[{"count":1,"href":"https:\/\/jorgezanoni.com.br\/2019\/wp-json\/wp\/v2\/posts\/76831\/revisions"}],"predecessor-version":[{"id":76833,"href":"https:\/\/jorgezanoni.com.br\/2019\/wp-json\/wp\/v2\/posts\/76831\/revisions\/76833"}],"wp:featuredmedia":[{"embeddable":true,"href":"https:\/\/jorgezanoni.com.br\/2019\/wp-json\/wp\/v2\/media\/76832"}],"wp:attachment":[{"href":"https:\/\/jorgezanoni.com.br\/2019\/wp-json\/wp\/v2\/media?parent=76831"}],"wp:term":[{"taxonomy":"category","embeddable":true,"href":"https:\/\/jorgezanoni.com.br\/2019\/wp-json\/wp\/v2\/categories?post=76831"},{"taxonomy":"post_tag","embeddable":true,"href":"https:\/\/jorgezanoni.com.br\/2019\/wp-json\/wp\/v2\/tags?post=76831"}],"curies":[{"name":"wp","href":"https:\/\/api.w.org\/{rel}","templated":true}]}}