{"id":76826,"date":"2023-06-03T16:32:24","date_gmt":"2023-06-03T16:32:24","guid":{"rendered":"https:\/\/jorgezanoni.com.br\/2019\/?p=76826"},"modified":"2023-06-03T16:32:24","modified_gmt":"2023-06-03T16:32:24","slug":"reuniao-em-santo-expedito-discute-o-turismo-regional","status":"publish","type":"post","link":"https:\/\/jorgezanoni.com.br\/2019\/reuniao-em-santo-expedito-discute-o-turismo-regional\/","title":{"rendered":"Reuni\u00e3o em Santo Expedito discute o turismo regional"},"content":{"rendered":"<p style=\"text-align: justify;\">O deputado Mauro Bragato, em parceria com a prefeitura de Santo Expedito e o Sebrae-SP, organizaram nesta quinta-feira, 1\u00ba de junho, uma reuni\u00e3o de trabalho para discutir as oportunidades e desafios para o turismo regional.<\/p>\n<p style=\"text-align: justify;\">O consultor e assessor t\u00e9cnico da secretaria de turismo do Estado, Vanilson Fickert, ministrou palestras sobre ranqueamento tur\u00edstico do Estado de S\u00e3o Paulo, abordando o hist\u00f3rico e a defini\u00e7\u00e3o dos crit\u00e9rios que foram utilizados no ranqueamento que classificam os munic\u00edpios paulistas como Est\u00e2ncias Tur\u00edsticas ou MITs (Munic\u00edpios de Interesse Tur\u00edstico).<\/p>\n<p style=\"text-align: justify;\">O gerente regional do Sebrae-SP, Jos\u00e9 Cavalcante, tamb\u00e9m ministrou palestra. Cavalcante falou sobre o potencial, as oportunidades e o desenvolvimento do turismo na regi\u00e3o.<\/p>\n<p style=\"text-align: justify;\">Participaram do encontro prefeitos, secret\u00e1rios e coordenadores de turismo dos munic\u00edpios de Alfredo Marcondes, Estrela do Norte, Euclides da Cunha Paulista, Junqueir\u00f3polis, Luc\u00e9lia, Nantes, Narandiba, Pacaembu, Panorama, Paulic\u00e9ia, Pirapozinho, Presidente Epit\u00e1cio, Regente Feij\u00f3, Rin\u00f3polis, Santo Anast\u00e1cio, Taciba e Teodoro Sampaio.<\/p>\n<p style=\"text-align: justify;\">Tamb\u00e9m na reuni\u00e3o o prefeito de Santo Expedito e anfitri\u00e3o do evento, Anderson Jos\u00e9 Betio, Marcelo Beloto, presidente da C\u00e2mara de Vereadores de Santo Expedito, o padre Humberto, presidente da Unipontal e prefeito de Presidente Prudente, Ed Thomas, presidente da UEPP (Uni\u00e3o dos Munic\u00edpios de Presidente Prudente), Renato Micheles, e o presidente do grupo Lidera &#8211; Associa\u00e7\u00e3o de Empres\u00e1rios do Oeste Paulista, Julio Moraes.<\/p>\n<p style=\"text-align: justify;\">\u201cRecebemos em Santo Expedito, prefeitos e representa\u00e7\u00e3o de cidades da nossa regi\u00e3o para discutir as oportunidades e desafios para o turismo regional. O turismo \u00e9 um setor importante para o desenvolvimento econ\u00f4mico e social de uma regi\u00e3o e o Pontal tem um grande potencial para o crescimento e desenvolvimento tur\u00edstico. Nesse sentido \u00e9 fundamental a parceria entre os munic\u00edpios e o Estado\u201d, explica o deputado Mauro Bragato.<\/p>\n<p style=\"text-align: justify;\">De acordo com o deputado, os Munic\u00edpios de Interesse Tur\u00edstico, recebem recursos especificamente para fomentar o turismo. Eles s\u00e3o classificados pela Secretaria Estadual de Turismo, mediante comprova\u00e7\u00e3o de atividades culturais, esportiva, al\u00e9m das belezas naturais.<\/p>\n<p style=\"text-align: justify;\">\u201cNa nossa regi\u00e3o, j\u00e1 est\u00e3o inclusas no MIT as cidades de Panorama, Adamantina, Martin\u00f3polis, Paulic\u00e9ia, Rancharia, Rosana, Santo Expedito. As cidades de Presidente Epit\u00e1cio, Tup\u00e3 e Paragua\u00e7u Paulista j\u00e1 foram classificadas como Est\u00e2ncia Tur\u00edstica\u201d, comenta.<\/p>\n<p style=\"text-align: justify;\">Ainda segundo o parlamentar, v\u00e1rias cidades com tradi\u00e7\u00f5es tur\u00edsticas que est\u00e3o fora deste grupo, e precisam ser inclu\u00eddas. \u00c9 o caso de Presidente Prudente, Narandiba, Osvaldo Cruz, Euclides da Cunha Paulista, Mirante do Paranapanema, Teodoro Sampaio, Iep\u00ea, Presidente Venceslau e Luc\u00e9lia.<\/p>\n<p style=\"text-align: justify;\">\u201cA id\u00e9ia \u00e9 ampliar as receitas para os munic\u00edpios tur\u00edsticos, incentivar e realizar eventos regionais, como rodeios e festas populares. Al\u00e9m de linhas de credito tur\u00edstico ser\u00e1 uma importante ferramenta para estimular o crescimento tur\u00edstico regional. Juntos, vamos discutir as oportunidades e o desenvolvimento do turismo em nossa cidade e regi\u00e3o, conclui o deputado.<\/p>\n<p><img loading=\"lazy\" decoding=\"async\" class=\"alignnone size-full wp-image-76827\" src=\"https:\/\/jorgezanoni.com.br\/2019\/wp-content\/uploads\/2023\/06\/santo-Pequeno.jpg\" alt=\"\" width=\"638\" height=\"480\" srcset=\"https:\/\/jorgezanoni.com.br\/2019\/wp-content\/uploads\/2023\/06\/santo-Pequeno.jpg 638w, https:\/\/jorgezanoni.com.br\/2019\/wp-content\/uploads\/2023\/06\/santo-Pequeno-300x226.jpg 300w, https:\/\/jorgezanoni.com.br\/2019\/wp-content\/uploads\/2023\/06\/santo-Pequeno-80x60.jpg 80w, https:\/\/jorgezanoni.com.br\/2019\/wp-content\/uploads\/2023\/06\/santo-Pequeno-265x198.jpg 265w, https:\/\/jorgezanoni.com.br\/2019\/wp-content\/uploads\/2023\/06\/santo-Pequeno-558x420.jpg 558w\" sizes=\"auto, (max-width: 638px) 100vw, 638px\" \/> <img loading=\"lazy\" decoding=\"async\" class=\"alignnone size-full wp-image-76829\" src=\"https:\/\/jorgezanoni.com.br\/2019\/wp-content\/uploads\/2023\/06\/santo2-Pequeno.jpg\" alt=\"\" width=\"638\" height=\"480\" srcset=\"https:\/\/jorgezanoni.com.br\/2019\/wp-content\/uploads\/2023\/06\/santo2-Pequeno.jpg 638w, https:\/\/jorgezanoni.com.br\/2019\/wp-content\/uploads\/2023\/06\/santo2-Pequeno-300x226.jpg 300w, https:\/\/jorgezanoni.com.br\/2019\/wp-content\/uploads\/2023\/06\/santo2-Pequeno-80x60.jpg 80w, https:\/\/jorgezanoni.com.br\/2019\/wp-content\/uploads\/2023\/06\/santo2-Pequeno-265x198.jpg 265w, https:\/\/jorgezanoni.com.br\/2019\/wp-content\/uploads\/2023\/06\/santo2-Pequeno-558x420.jpg 558w\" sizes=\"auto, (max-width: 638px) 100vw, 638px\" \/><\/p>\n<p style=\"text-align: justify;\">Assessoria de Imprensa | Deputado Mauro Bragato<\/p>\n","protected":false},"excerpt":{"rendered":"<p>O deputado Mauro Bragato, em parceria com a prefeitura de Santo Expedito e o Sebrae-SP, organizaram nesta quinta-feira, 1\u00ba de junho, uma reuni\u00e3o de trabalho para discutir as oportunidades e desafios para o turismo regional. O consultor e assessor t\u00e9cnico da secretaria de turismo do Estado, Vanilson Fickert, ministrou palestras sobre ranqueamento tur\u00edstico do Estado [&hellip;]<\/p>\n","protected":false},"author":1,"featured_media":76828,"comment_status":"closed","ping_status":"open","sticky":false,"template":"","format":"standard","meta":{"footnotes":""},"categories":[183,110],"tags":[],"class_list":["post-76826","post","type-post","status-publish","format-standard","has-post-thumbnail","hentry","category-musicaeturismo","category-noticiasdestaque"],"_links":{"self":[{"href":"https:\/\/jorgezanoni.com.br\/2019\/wp-json\/wp\/v2\/posts\/76826","targetHints":{"allow":["GET"]}}],"collection":[{"href":"https:\/\/jorgezanoni.com.br\/2019\/wp-json\/wp\/v2\/posts"}],"about":[{"href":"https:\/\/jorgezanoni.com.br\/2019\/wp-json\/wp\/v2\/types\/post"}],"author":[{"embeddable":true,"href":"https:\/\/jorgezanoni.com.br\/2019\/wp-json\/wp\/v2\/users\/1"}],"replies":[{"embeddable":true,"href":"https:\/\/jorgezanoni.com.br\/2019\/wp-json\/wp\/v2\/comments?post=76826"}],"version-history":[{"count":1,"href":"https:\/\/jorgezanoni.com.br\/2019\/wp-json\/wp\/v2\/posts\/76826\/revisions"}],"predecessor-version":[{"id":76830,"href":"https:\/\/jorgezanoni.com.br\/2019\/wp-json\/wp\/v2\/posts\/76826\/revisions\/76830"}],"wp:featuredmedia":[{"embeddable":true,"href":"https:\/\/jorgezanoni.com.br\/2019\/wp-json\/wp\/v2\/media\/76828"}],"wp:attachment":[{"href":"https:\/\/jorgezanoni.com.br\/2019\/wp-json\/wp\/v2\/media?parent=76826"}],"wp:term":[{"taxonomy":"category","embeddable":true,"href":"https:\/\/jorgezanoni.com.br\/2019\/wp-json\/wp\/v2\/categories?post=76826"},{"taxonomy":"post_tag","embeddable":true,"href":"https:\/\/jorgezanoni.com.br\/2019\/wp-json\/wp\/v2\/tags?post=76826"}],"curies":[{"name":"wp","href":"https:\/\/api.w.org\/{rel}","templated":true}]}}