{"id":76774,"date":"2023-06-01T17:58:33","date_gmt":"2023-06-01T17:58:33","guid":{"rendered":"https:\/\/jorgezanoni.com.br\/2019\/?p=76774"},"modified":"2023-06-01T17:58:33","modified_gmt":"2023-06-01T17:58:33","slug":"ex-prefeito-jose-antonio-pedretti-e-absolvido-pela-justica-em-dracena","status":"publish","type":"post","link":"https:\/\/jorgezanoni.com.br\/2019\/ex-prefeito-jose-antonio-pedretti-e-absolvido-pela-justica-em-dracena\/","title":{"rendered":"Ex-prefeito Jos\u00e9 Antonio Pedretti \u00e9 absolvido pela Justi\u00e7a em Dracena"},"content":{"rendered":"<p style=\"text-align: justify;\">Em a\u00e7\u00e3o originada a partir de den\u00fancia feita pelo ex-prefeito Juliano Brito Bertolini a respeito da constru\u00e7\u00e3o de 274 rampas de acessibilidade e 3.235m de guardascorpos em Dracena durante a gest\u00e3o do ex-prefeito Jos\u00e9 Antonio Pedretti, o Judici\u00e1rio de Dracena julgou a a\u00e7\u00e3o improcedente por entender que n\u00e3o houveram irregularidades e tampouco gastos excessivos nas obras realizadas, absolvendo Pedretti de todas as acusa\u00e7\u00f5es. Procurado pela reportagem, Pedretti declarou que sempre confiou na seriedade da Justi\u00e7a e elogiou a decis\u00e3o. A defesa de Pedretti foi patrocinada pelo advogado dracenense Vladimir de Mattos, que tamb\u00e9m elogiou a decis\u00e3o judicial e completou: \u201cH\u00e1 Ju\u00edzes e Promotores em Dracena!\u201d. A senten\u00e7a foi proferida pelo Juiz de Direito da 2\u00aa Vara Judicial de Dracena, Dr. Marcus Fraz\u00e3o Frota. O n\u00famero do processo eletr\u00f4nico \u00e9 1001591-34.2018.8.26.0168, onde a decis\u00e3o pode ser consultada na \u00edntegra.<\/p>\n<p>Fonte: Assessoria de Comunica\u00e7\u00e3o<\/p>\n","protected":false},"excerpt":{"rendered":"<p>Em a\u00e7\u00e3o originada a partir de den\u00fancia feita pelo ex-prefeito Juliano Brito Bertolini a respeito da constru\u00e7\u00e3o de 274 rampas de acessibilidade e 3.235m de guardascorpos em Dracena durante a gest\u00e3o do ex-prefeito Jos\u00e9 Antonio Pedretti, o Judici\u00e1rio de Dracena julgou a a\u00e7\u00e3o improcedente por entender que n\u00e3o houveram irregularidades e tampouco gastos excessivos nas [&hellip;]<\/p>\n","protected":false},"author":1,"featured_media":76775,"comment_status":"closed","ping_status":"open","sticky":false,"template":"","format":"standard","meta":{"footnotes":""},"categories":[120,110],"tags":[],"class_list":["post-76774","post","type-post","status-publish","format-standard","has-post-thumbnail","hentry","category-justicahabitacaotecnologia","category-noticiasdestaque"],"_links":{"self":[{"href":"https:\/\/jorgezanoni.com.br\/2019\/wp-json\/wp\/v2\/posts\/76774","targetHints":{"allow":["GET"]}}],"collection":[{"href":"https:\/\/jorgezanoni.com.br\/2019\/wp-json\/wp\/v2\/posts"}],"about":[{"href":"https:\/\/jorgezanoni.com.br\/2019\/wp-json\/wp\/v2\/types\/post"}],"author":[{"embeddable":true,"href":"https:\/\/jorgezanoni.com.br\/2019\/wp-json\/wp\/v2\/users\/1"}],"replies":[{"embeddable":true,"href":"https:\/\/jorgezanoni.com.br\/2019\/wp-json\/wp\/v2\/comments?post=76774"}],"version-history":[{"count":1,"href":"https:\/\/jorgezanoni.com.br\/2019\/wp-json\/wp\/v2\/posts\/76774\/revisions"}],"predecessor-version":[{"id":76776,"href":"https:\/\/jorgezanoni.com.br\/2019\/wp-json\/wp\/v2\/posts\/76774\/revisions\/76776"}],"wp:featuredmedia":[{"embeddable":true,"href":"https:\/\/jorgezanoni.com.br\/2019\/wp-json\/wp\/v2\/media\/76775"}],"wp:attachment":[{"href":"https:\/\/jorgezanoni.com.br\/2019\/wp-json\/wp\/v2\/media?parent=76774"}],"wp:term":[{"taxonomy":"category","embeddable":true,"href":"https:\/\/jorgezanoni.com.br\/2019\/wp-json\/wp\/v2\/categories?post=76774"},{"taxonomy":"post_tag","embeddable":true,"href":"https:\/\/jorgezanoni.com.br\/2019\/wp-json\/wp\/v2\/tags?post=76774"}],"curies":[{"name":"wp","href":"https:\/\/api.w.org\/{rel}","templated":true}]}}