{"id":76771,"date":"2023-06-01T17:19:05","date_gmt":"2023-06-01T17:19:05","guid":{"rendered":"https:\/\/jorgezanoni.com.br\/2019\/?p=76771"},"modified":"2023-06-01T17:19:05","modified_gmt":"2023-06-01T17:19:05","slug":"policia-civil-apreende-armas-drogas-e-dinheiro-em-imovel-utilizado-como-ponto-de-trafico-de-drogas-em-pauliceia","status":"publish","type":"post","link":"https:\/\/jorgezanoni.com.br\/2019\/policia-civil-apreende-armas-drogas-e-dinheiro-em-imovel-utilizado-como-ponto-de-trafico-de-drogas-em-pauliceia\/","title":{"rendered":"Pol\u00edcia Civil apreende armas, drogas e dinheiro em im\u00f3vel utilizado como &#8220;Ponto de Tr\u00e1fico de Drogas&#8221; em Paulic\u00e9ia"},"content":{"rendered":"<p style=\"text-align: justify;\">O propriet\u00e1rio do im\u00f3vel foi preso em flagrante pelos crimes de tr\u00e1fico de drogas e posse irregular de arma de fogo de uso permitido.<\/p>\n<p style=\"text-align: justify;\">A Pol\u00edcia Civil, por interm\u00e9dio da Delegacia de Pol\u00edcia de Paulic\u00e9ia, com apoio operacional de agentes da Delegacia de Pol\u00edcia de Panorama, cumpriu nesta quinta-feira (1\u00ba), um mandado judicial de busca e apreens\u00e3o expedido pela Justi\u00e7a, em uma casa localizada na \u00e1rea central, da cidade de Paulic\u00e9ia (SP). O local investigado servia como um \u201cponto de tr\u00e1fico drogas\u201d, e o dono da resid\u00eancia, um homem de 28 anos, foi preso em flagrante pelos crimes de tr\u00e1fico de drogas e posse ilegal de arma de fogo de uso permitido.<\/p>\n<p style=\"text-align: justify;\">Na resid\u00eancia do acusado, durante a a\u00e7\u00e3o de busca e apreens\u00e3o, a Pol\u00edcia Civil localizou tr\u00eas tabletes de maconha que totalizaram mais de dois quilos do entorpecente, e cerca de 130 gramas de coca\u00edna.<\/p>\n<p style=\"text-align: justify;\">Ainda no im\u00f3vel vistoriado, os agentes, tamb\u00e9m encontraram duas armas de fogo do tipo revolver, ambas de calibre nominal 32, de uso permitido, muni\u00e7\u00f5es dos mencionados calibres, uma faca e um soco ingl\u00eas, al\u00e9m de petrechos relacionados com a mercancia de tr\u00e1fico de drogas, a saber, balan\u00e7a de precis\u00e3o, recipientes para acondicionamento de drogas e embalagens pl\u00e1sticas para comumente usadas para o fracionamento e venda do il\u00edcito; e a quantia de R$ 658,00, composta por notas de diferentes valores, com ind\u00edcio que teria sido proveniente da comercializa\u00e7\u00e3o das drogas.<\/p>\n<p style=\"text-align: justify;\">Diante do flagrante, o suspeito e os materiais apreendidos foram encaminhados para a Delegacia de Pol\u00edcia de Paulic\u00e9ia, onde foi elaborado o auto de pris\u00e3o pelos crimes de tr\u00e1fico de drogas e posse ilegal de arma de fogo de uso permitido. Ap\u00f3s a audi\u00eancia de cust\u00f3dia, o homem ser\u00e1 encaminhado para o sistema prisional, onde permanecer\u00e1 \u00e0 disposi\u00e7\u00e3o da Justi\u00e7a.<\/p>\n<p style=\"text-align: justify;\">Fonte: Com. Social Pol\u00edcia Civil<\/p>\n","protected":false},"excerpt":{"rendered":"<p>O propriet\u00e1rio do im\u00f3vel foi preso em flagrante pelos crimes de tr\u00e1fico de drogas e posse irregular de arma de fogo de uso permitido. A Pol\u00edcia Civil, por interm\u00e9dio da Delegacia de Pol\u00edcia de Paulic\u00e9ia, com apoio operacional de agentes da Delegacia de Pol\u00edcia de Panorama, cumpriu nesta quinta-feira (1\u00ba), um mandado judicial de busca [&hellip;]<\/p>\n","protected":false},"author":1,"featured_media":76772,"comment_status":"closed","ping_status":"open","sticky":false,"template":"","format":"standard","meta":{"footnotes":""},"categories":[110,2],"tags":[],"class_list":["post-76771","post","type-post","status-publish","format-standard","has-post-thumbnail","hentry","category-noticiasdestaque","category-policial"],"_links":{"self":[{"href":"https:\/\/jorgezanoni.com.br\/2019\/wp-json\/wp\/v2\/posts\/76771","targetHints":{"allow":["GET"]}}],"collection":[{"href":"https:\/\/jorgezanoni.com.br\/2019\/wp-json\/wp\/v2\/posts"}],"about":[{"href":"https:\/\/jorgezanoni.com.br\/2019\/wp-json\/wp\/v2\/types\/post"}],"author":[{"embeddable":true,"href":"https:\/\/jorgezanoni.com.br\/2019\/wp-json\/wp\/v2\/users\/1"}],"replies":[{"embeddable":true,"href":"https:\/\/jorgezanoni.com.br\/2019\/wp-json\/wp\/v2\/comments?post=76771"}],"version-history":[{"count":1,"href":"https:\/\/jorgezanoni.com.br\/2019\/wp-json\/wp\/v2\/posts\/76771\/revisions"}],"predecessor-version":[{"id":76773,"href":"https:\/\/jorgezanoni.com.br\/2019\/wp-json\/wp\/v2\/posts\/76771\/revisions\/76773"}],"wp:featuredmedia":[{"embeddable":true,"href":"https:\/\/jorgezanoni.com.br\/2019\/wp-json\/wp\/v2\/media\/76772"}],"wp:attachment":[{"href":"https:\/\/jorgezanoni.com.br\/2019\/wp-json\/wp\/v2\/media?parent=76771"}],"wp:term":[{"taxonomy":"category","embeddable":true,"href":"https:\/\/jorgezanoni.com.br\/2019\/wp-json\/wp\/v2\/categories?post=76771"},{"taxonomy":"post_tag","embeddable":true,"href":"https:\/\/jorgezanoni.com.br\/2019\/wp-json\/wp\/v2\/tags?post=76771"}],"curies":[{"name":"wp","href":"https:\/\/api.w.org\/{rel}","templated":true}]}}