{"id":76767,"date":"2023-06-01T17:12:08","date_gmt":"2023-06-01T17:12:08","guid":{"rendered":"https:\/\/jorgezanoni.com.br\/2019\/?p=76767"},"modified":"2023-06-01T17:12:08","modified_gmt":"2023-06-01T17:12:08","slug":"saude-mental-do-adolescente-na-atualidade-por-cidinha-pascoaloto","status":"publish","type":"post","link":"https:\/\/jorgezanoni.com.br\/2019\/saude-mental-do-adolescente-na-atualidade-por-cidinha-pascoaloto\/","title":{"rendered":"Sa\u00fade Mental do Adolescente na Atualidade  (por Cidinha Pascoaloto)  \u00a0\u00a0\u00a0\u00a0\u00a0\u00a0\u00a0"},"content":{"rendered":"<p style=\"text-align: justify;\">A adolesc\u00eancia \u00e9 uma fase de transi\u00e7\u00e3o marcada por v\u00e1rias mudan\u00e7as como f\u00edsicas, mentais e emocionais. \u00c9 um per\u00edodo em que os adolescentes enfrentam muitos desafios e press\u00f5es, tanto internas quanto externas, que podem afetar sua sa\u00fade mental.<\/p>\n<p style=\"text-align: justify;\">Na atualidade, a sa\u00fade mental dos adolescentes tem se tornado uma preocupa\u00e7\u00e3o crescente, exigindo aten\u00e7\u00e3o e a\u00e7\u00f5es para garantir seu bem-estar. O ambiente social em que vivem \u00e9 um dos fatores que exerce grande influ\u00eancia na sa\u00fade mental do adolescente tanto para o bem-estar como para uma vis\u00e3o negativa da vida.<\/p>\n<p style=\"text-align: justify;\">\u00a0Os adolescentes est\u00e3o expostos a uma quantidade cada vez maior de est\u00edmulos, como redes sociais, press\u00f5es escolares e press\u00f5es familiares, entre outras expectativas. Esses fatores podem facilitar o desenvolvimento da ansiedade, depress\u00e3o, dist\u00farbios alimentares e comportamentos de autoles\u00e3o, uso de subst\u00e2ncias, entre outros.<\/p>\n<p style=\"text-align: justify;\">As redes sociais desempenham um papel significativo com conex\u00f5es valiosas e oportunidades para os adolescentes se expressarem. Mas tamb\u00e9m s\u00e3o capazes de criar um ambiente de compara\u00e7\u00e3o, exposi\u00e7\u00e3o para bullying online e de conte\u00fados prejudiciais que podem contribuir para a baixa autoestima e afetar a sa\u00fade mental.<\/p>\n<p style=\"text-align: justify;\">\u00a0Press\u00f5es psicol\u00f3gicas familiares e dificuldades de um bom relacionamento com os pais tamb\u00e9m podem ter um impacto significativo na sa\u00fade mental dos adolescentes. Problemas emocionais e comportamentais podem surgir na fase da descoberta de si mesmo e de uma dificuldade em manter relacionamentos sociais saud\u00e1veis na escola e no meio social.<\/p>\n<p style=\"text-align: justify;\">\u00a0Devemos ficar atentos a alguns comportamentos que o adolescente apresentar, como Isolamento social, crises de choro frequentes, tristeza profunda, queda no rendimento escolar, afastamentos sem motivo aparente, agressividade, impulsividade, coment\u00e1rios sobre morte e despedida.<\/p>\n<p style=\"text-align: justify;\">\u00a0Os adolescentes costumam usar suas redes sociais com frequ\u00eancia, por isso \u00e9 muito importante que os respons\u00e1veis acompanhem suas publica\u00e7\u00f5es para entender e observar essas mudan\u00e7as de comportamento e altera\u00e7\u00f5es de humor. O papel dos pais e dos cuidadores \u00e9 fundamental para auxiliar na sa\u00fade mental do adolescente dando apoio emocional em momentos dif\u00edceis ter um di\u00e1logo aberto. Ajudar no equil\u00edbrio entre as responsabilidades, a hora de lazer e o momento para relaxar.<\/p>\n<p style=\"text-align: justify;\"><img loading=\"lazy\" decoding=\"async\" class=\"alignnone size-full wp-image-76768\" src=\"https:\/\/jorgezanoni.com.br\/2019\/wp-content\/uploads\/2023\/06\/Cidinha-Pascoaloto.jpg\" alt=\"\" width=\"500\" height=\"755\" srcset=\"https:\/\/jorgezanoni.com.br\/2019\/wp-content\/uploads\/2023\/06\/Cidinha-Pascoaloto.jpg 500w, https:\/\/jorgezanoni.com.br\/2019\/wp-content\/uploads\/2023\/06\/Cidinha-Pascoaloto-199x300.jpg 199w, https:\/\/jorgezanoni.com.br\/2019\/wp-content\/uploads\/2023\/06\/Cidinha-Pascoaloto-278x420.jpg 278w\" sizes=\"auto, (max-width: 500px) 100vw, 500px\" \/>\u00a0Cidinha Pascoaloto-Psic\u00f3loga-CRP 06\/158174. Presencial e online, contato: (18) 99725-6418<\/p>\n<p>&nbsp;<\/p>\n<p>&nbsp;<\/p>\n","protected":false},"excerpt":{"rendered":"<p>A adolesc\u00eancia \u00e9 uma fase de transi\u00e7\u00e3o marcada por v\u00e1rias mudan\u00e7as como f\u00edsicas, mentais e emocionais. \u00c9 um per\u00edodo em que os adolescentes enfrentam muitos desafios e press\u00f5es, tanto internas quanto externas, que podem afetar sua sa\u00fade mental. Na atualidade, a sa\u00fade mental dos adolescentes tem se tornado uma preocupa\u00e7\u00e3o crescente, exigindo aten\u00e7\u00e3o e a\u00e7\u00f5es [&hellip;]<\/p>\n","protected":false},"author":1,"featured_media":76769,"comment_status":"closed","ping_status":"open","sticky":false,"template":"","format":"standard","meta":{"footnotes":""},"categories":[175],"tags":[],"class_list":["post-76767","post","type-post","status-publish","format-standard","has-post-thumbnail","hentry","category-artigos"],"_links":{"self":[{"href":"https:\/\/jorgezanoni.com.br\/2019\/wp-json\/wp\/v2\/posts\/76767","targetHints":{"allow":["GET"]}}],"collection":[{"href":"https:\/\/jorgezanoni.com.br\/2019\/wp-json\/wp\/v2\/posts"}],"about":[{"href":"https:\/\/jorgezanoni.com.br\/2019\/wp-json\/wp\/v2\/types\/post"}],"author":[{"embeddable":true,"href":"https:\/\/jorgezanoni.com.br\/2019\/wp-json\/wp\/v2\/users\/1"}],"replies":[{"embeddable":true,"href":"https:\/\/jorgezanoni.com.br\/2019\/wp-json\/wp\/v2\/comments?post=76767"}],"version-history":[{"count":1,"href":"https:\/\/jorgezanoni.com.br\/2019\/wp-json\/wp\/v2\/posts\/76767\/revisions"}],"predecessor-version":[{"id":76770,"href":"https:\/\/jorgezanoni.com.br\/2019\/wp-json\/wp\/v2\/posts\/76767\/revisions\/76770"}],"wp:featuredmedia":[{"embeddable":true,"href":"https:\/\/jorgezanoni.com.br\/2019\/wp-json\/wp\/v2\/media\/76769"}],"wp:attachment":[{"href":"https:\/\/jorgezanoni.com.br\/2019\/wp-json\/wp\/v2\/media?parent=76767"}],"wp:term":[{"taxonomy":"category","embeddable":true,"href":"https:\/\/jorgezanoni.com.br\/2019\/wp-json\/wp\/v2\/categories?post=76767"},{"taxonomy":"post_tag","embeddable":true,"href":"https:\/\/jorgezanoni.com.br\/2019\/wp-json\/wp\/v2\/tags?post=76767"}],"curies":[{"name":"wp","href":"https:\/\/api.w.org\/{rel}","templated":true}]}}