{"id":76736,"date":"2023-05-31T18:44:03","date_gmt":"2023-05-31T18:44:03","guid":{"rendered":"https:\/\/jorgezanoni.com.br\/2019\/?p=76736"},"modified":"2023-05-31T18:44:50","modified_gmt":"2023-05-31T18:44:50","slug":"diretoria-do-conseg-toma-posse-para-novo-mandato","status":"publish","type":"post","link":"https:\/\/jorgezanoni.com.br\/2019\/diretoria-do-conseg-toma-posse-para-novo-mandato\/","title":{"rendered":"Diretoria do Conseg toma posse para novo mandato"},"content":{"rendered":"<p style=\"text-align: justify;\"><strong>Na noite de ter\u00e7a-feira, no audit\u00f3rio do Senai, foi realizada a cerim\u00f4nia de posse da diretoria do Conselho Comunit\u00e1rio de Seguran\u00e7a.<\/strong><\/p>\n<p style=\"text-align: justify;\">Milton Polon \u00e9 o presidente, tendo como vice Margarete de C\u00e1ssia Lopes, secret\u00e1rios Cl\u00e1udio Jos\u00e9 Pasqualeto e F\u00e1bio Furuya e como diretora social e de assuntos comunit\u00e1rios Francisca Quentina de Brito.<\/p>\n<p style=\"text-align: justify;\">O delegado F\u00e9res Karam e o capit\u00e3o PM Pedro Camin presidiram a cerim\u00f4nia de posse. Cerca de 30 pessoas participaram do evento.<\/p>\n<p><img loading=\"lazy\" decoding=\"async\" class=\"alignnone size-full wp-image-76737\" src=\"https:\/\/jorgezanoni.com.br\/2019\/wp-content\/uploads\/2023\/05\/conseg-1.jpg\" alt=\"\" width=\"1600\" height=\"928\" srcset=\"https:\/\/jorgezanoni.com.br\/2019\/wp-content\/uploads\/2023\/05\/conseg-1.jpg 1600w, https:\/\/jorgezanoni.com.br\/2019\/wp-content\/uploads\/2023\/05\/conseg-1-300x174.jpg 300w, https:\/\/jorgezanoni.com.br\/2019\/wp-content\/uploads\/2023\/05\/conseg-1-1024x594.jpg 1024w, https:\/\/jorgezanoni.com.br\/2019\/wp-content\/uploads\/2023\/05\/conseg-1-768x445.jpg 768w, https:\/\/jorgezanoni.com.br\/2019\/wp-content\/uploads\/2023\/05\/conseg-1-1536x891.jpg 1536w, https:\/\/jorgezanoni.com.br\/2019\/wp-content\/uploads\/2023\/05\/conseg-1-696x404.jpg 696w, https:\/\/jorgezanoni.com.br\/2019\/wp-content\/uploads\/2023\/05\/conseg-1-1068x619.jpg 1068w, https:\/\/jorgezanoni.com.br\/2019\/wp-content\/uploads\/2023\/05\/conseg-1-724x420.jpg 724w\" sizes=\"auto, (max-width: 1600px) 100vw, 1600px\" \/> <img loading=\"lazy\" decoding=\"async\" class=\"alignnone size-full wp-image-76738\" src=\"https:\/\/jorgezanoni.com.br\/2019\/wp-content\/uploads\/2023\/05\/conseg.jpg\" alt=\"\" width=\"1600\" height=\"823\" srcset=\"https:\/\/jorgezanoni.com.br\/2019\/wp-content\/uploads\/2023\/05\/conseg.jpg 1600w, https:\/\/jorgezanoni.com.br\/2019\/wp-content\/uploads\/2023\/05\/conseg-300x154.jpg 300w, https:\/\/jorgezanoni.com.br\/2019\/wp-content\/uploads\/2023\/05\/conseg-1024x527.jpg 1024w, https:\/\/jorgezanoni.com.br\/2019\/wp-content\/uploads\/2023\/05\/conseg-768x395.jpg 768w, https:\/\/jorgezanoni.com.br\/2019\/wp-content\/uploads\/2023\/05\/conseg-1536x790.jpg 1536w, https:\/\/jorgezanoni.com.br\/2019\/wp-content\/uploads\/2023\/05\/conseg-696x358.jpg 696w, https:\/\/jorgezanoni.com.br\/2019\/wp-content\/uploads\/2023\/05\/conseg-1068x549.jpg 1068w, https:\/\/jorgezanoni.com.br\/2019\/wp-content\/uploads\/2023\/05\/conseg-817x420.jpg 817w\" sizes=\"auto, (max-width: 1600px) 100vw, 1600px\" \/> <img loading=\"lazy\" decoding=\"async\" class=\"alignnone size-full wp-image-76739\" src=\"https:\/\/jorgezanoni.com.br\/2019\/wp-content\/uploads\/2023\/05\/conseg2.jpg\" alt=\"\" width=\"1600\" height=\"731\" srcset=\"https:\/\/jorgezanoni.com.br\/2019\/wp-content\/uploads\/2023\/05\/conseg2.jpg 1600w, https:\/\/jorgezanoni.com.br\/2019\/wp-content\/uploads\/2023\/05\/conseg2-300x137.jpg 300w, https:\/\/jorgezanoni.com.br\/2019\/wp-content\/uploads\/2023\/05\/conseg2-1024x468.jpg 1024w, https:\/\/jorgezanoni.com.br\/2019\/wp-content\/uploads\/2023\/05\/conseg2-768x351.jpg 768w, https:\/\/jorgezanoni.com.br\/2019\/wp-content\/uploads\/2023\/05\/conseg2-1536x702.jpg 1536w, https:\/\/jorgezanoni.com.br\/2019\/wp-content\/uploads\/2023\/05\/conseg2-696x318.jpg 696w, https:\/\/jorgezanoni.com.br\/2019\/wp-content\/uploads\/2023\/05\/conseg2-1068x488.jpg 1068w, https:\/\/jorgezanoni.com.br\/2019\/wp-content\/uploads\/2023\/05\/conseg2-919x420.jpg 919w\" sizes=\"auto, (max-width: 1600px) 100vw, 1600px\" \/><\/p>\n<p style=\"text-align: justify;\">Fonte: Bastidores da Not\u00edcia<\/p>\n","protected":false},"excerpt":{"rendered":"<p>Na noite de ter\u00e7a-feira, no audit\u00f3rio do Senai, foi realizada a cerim\u00f4nia de posse da diretoria do Conselho Comunit\u00e1rio de Seguran\u00e7a. Milton Polon \u00e9 o presidente, tendo como vice Margarete de C\u00e1ssia Lopes, secret\u00e1rios Cl\u00e1udio Jos\u00e9 Pasqualeto e F\u00e1bio Furuya e como diretora social e de assuntos comunit\u00e1rios Francisca Quentina de Brito. O delegado F\u00e9res [&hellip;]<\/p>\n","protected":false},"author":1,"featured_media":76740,"comment_status":"closed","ping_status":"open","sticky":false,"template":"","format":"standard","meta":{"footnotes":""},"categories":[179,184,110],"tags":[],"class_list":["post-76736","post","type-post","status-publish","format-standard","has-post-thumbnail","hentry","category-cidadeseregiao","category-dracena","category-noticiasdestaque"],"_links":{"self":[{"href":"https:\/\/jorgezanoni.com.br\/2019\/wp-json\/wp\/v2\/posts\/76736","targetHints":{"allow":["GET"]}}],"collection":[{"href":"https:\/\/jorgezanoni.com.br\/2019\/wp-json\/wp\/v2\/posts"}],"about":[{"href":"https:\/\/jorgezanoni.com.br\/2019\/wp-json\/wp\/v2\/types\/post"}],"author":[{"embeddable":true,"href":"https:\/\/jorgezanoni.com.br\/2019\/wp-json\/wp\/v2\/users\/1"}],"replies":[{"embeddable":true,"href":"https:\/\/jorgezanoni.com.br\/2019\/wp-json\/wp\/v2\/comments?post=76736"}],"version-history":[{"count":1,"href":"https:\/\/jorgezanoni.com.br\/2019\/wp-json\/wp\/v2\/posts\/76736\/revisions"}],"predecessor-version":[{"id":76741,"href":"https:\/\/jorgezanoni.com.br\/2019\/wp-json\/wp\/v2\/posts\/76736\/revisions\/76741"}],"wp:featuredmedia":[{"embeddable":true,"href":"https:\/\/jorgezanoni.com.br\/2019\/wp-json\/wp\/v2\/media\/76740"}],"wp:attachment":[{"href":"https:\/\/jorgezanoni.com.br\/2019\/wp-json\/wp\/v2\/media?parent=76736"}],"wp:term":[{"taxonomy":"category","embeddable":true,"href":"https:\/\/jorgezanoni.com.br\/2019\/wp-json\/wp\/v2\/categories?post=76736"},{"taxonomy":"post_tag","embeddable":true,"href":"https:\/\/jorgezanoni.com.br\/2019\/wp-json\/wp\/v2\/tags?post=76736"}],"curies":[{"name":"wp","href":"https:\/\/api.w.org\/{rel}","templated":true}]}}