{"id":76708,"date":"2023-05-30T11:29:28","date_gmt":"2023-05-30T11:29:28","guid":{"rendered":"https:\/\/jorgezanoni.com.br\/2019\/?p=76708"},"modified":"2023-05-30T11:29:28","modified_gmt":"2023-05-30T11:29:28","slug":"policia-militar-prende-homem-em-flagrante-por-furto-de-bicicleta-em-dracena","status":"publish","type":"post","link":"https:\/\/jorgezanoni.com.br\/2019\/policia-militar-prende-homem-em-flagrante-por-furto-de-bicicleta-em-dracena\/","title":{"rendered":"Pol\u00edcia Militar prende homem em flagrante por furto de bicicleta em Dracena"},"content":{"rendered":"<p style=\"text-align: justify;\">Na data de hoje 29 durante patrulhamento pelo munic\u00edpio de Dracena fora irradiado via copom furto de bicicleta pela Rua Maracaju proximo a uma farm\u00e1cia. Rapidamente a equipe da Pol\u00edcia Militar se deslocaram ao local onde em contato com a v\u00edtima colheram todas as informa\u00e7\u00f5es, inclusive do suspeito (homem 44 anos).<br \/>\nEm posse destas informa\u00e7\u00f5es o autor foi localizado bem como o produto do furto.<br \/>\nDiante dos fatos foi dado voz de pris\u00e3o em flagrante ao indiciado onde permaneceu \u00e0 disposi\u00e7\u00e3o da Justi\u00e7a e a bicicleta devolvida a v\u00edtima.<\/p>\n<p style=\"text-align: justify;\">Fonte: Com. Social Pol\u00edcia Militar<\/p>\n","protected":false},"excerpt":{"rendered":"<p>Na data de hoje 29 durante patrulhamento pelo munic\u00edpio de Dracena fora irradiado via copom furto de bicicleta pela Rua Maracaju proximo a uma farm\u00e1cia. Rapidamente a equipe da Pol\u00edcia Militar se deslocaram ao local onde em contato com a v\u00edtima colheram todas as informa\u00e7\u00f5es, inclusive do suspeito (homem 44 anos). Em posse destas informa\u00e7\u00f5es [&hellip;]<\/p>\n","protected":false},"author":1,"featured_media":76709,"comment_status":"closed","ping_status":"open","sticky":false,"template":"","format":"standard","meta":{"footnotes":""},"categories":[110,2],"tags":[],"class_list":["post-76708","post","type-post","status-publish","format-standard","has-post-thumbnail","hentry","category-noticiasdestaque","category-policial"],"_links":{"self":[{"href":"https:\/\/jorgezanoni.com.br\/2019\/wp-json\/wp\/v2\/posts\/76708","targetHints":{"allow":["GET"]}}],"collection":[{"href":"https:\/\/jorgezanoni.com.br\/2019\/wp-json\/wp\/v2\/posts"}],"about":[{"href":"https:\/\/jorgezanoni.com.br\/2019\/wp-json\/wp\/v2\/types\/post"}],"author":[{"embeddable":true,"href":"https:\/\/jorgezanoni.com.br\/2019\/wp-json\/wp\/v2\/users\/1"}],"replies":[{"embeddable":true,"href":"https:\/\/jorgezanoni.com.br\/2019\/wp-json\/wp\/v2\/comments?post=76708"}],"version-history":[{"count":1,"href":"https:\/\/jorgezanoni.com.br\/2019\/wp-json\/wp\/v2\/posts\/76708\/revisions"}],"predecessor-version":[{"id":76710,"href":"https:\/\/jorgezanoni.com.br\/2019\/wp-json\/wp\/v2\/posts\/76708\/revisions\/76710"}],"wp:featuredmedia":[{"embeddable":true,"href":"https:\/\/jorgezanoni.com.br\/2019\/wp-json\/wp\/v2\/media\/76709"}],"wp:attachment":[{"href":"https:\/\/jorgezanoni.com.br\/2019\/wp-json\/wp\/v2\/media?parent=76708"}],"wp:term":[{"taxonomy":"category","embeddable":true,"href":"https:\/\/jorgezanoni.com.br\/2019\/wp-json\/wp\/v2\/categories?post=76708"},{"taxonomy":"post_tag","embeddable":true,"href":"https:\/\/jorgezanoni.com.br\/2019\/wp-json\/wp\/v2\/tags?post=76708"}],"curies":[{"name":"wp","href":"https:\/\/api.w.org\/{rel}","templated":true}]}}