{"id":76688,"date":"2023-05-29T22:05:37","date_gmt":"2023-05-29T22:05:37","guid":{"rendered":"https:\/\/jorgezanoni.com.br\/2019\/?p=76688"},"modified":"2023-05-29T22:05:37","modified_gmt":"2023-05-29T22:05:37","slug":"alunos-da-unifadra-fazem-acao-de-combate-ao-abuso-e-exploracao-sexual-contra-criancas-e-adolescentes","status":"publish","type":"post","link":"https:\/\/jorgezanoni.com.br\/2019\/alunos-da-unifadra-fazem-acao-de-combate-ao-abuso-e-exploracao-sexual-contra-criancas-e-adolescentes\/","title":{"rendered":"Alunos da Unifadra fazem a\u00e7\u00e3o de Combate ao Abuso e Explora\u00e7\u00e3o Sexual contra Crian\u00e7as e Adolescentes"},"content":{"rendered":"<p style=\"text-align: justify;\"><span style=\"font-size: large;\">No dia 17 de maio, os alunos do 5\u00ba ano do curso de Psicologia da Faculdade Unifadra, coordenados pela Profa. Ma. F\u00e1tima Simone Silva Pereira <\/span>Consoni, e acompanhados<span style=\"font-size: large;\">\u00a0pela Profa.\u00a0<\/span>Dra.<span style=\"font-size: large;\">\u00a0Alessandra de Arriba Rossetto, fizeram um trabalho de conscientiza\u00e7\u00e3o sobre a viol\u00eancia e explora\u00e7\u00e3o sexual de crian\u00e7as e adolescentes, na feira livre de Dracena, com a entrega de folders, objetivando informar e orientar a sociedade brasileira para o compromisso de proteger as crian\u00e7as e adolescentes.<\/span><\/p>\n<p><span style=\"font-size: large;\">A atividade faz parte do conte\u00fado abordado na disciplina &#8220;Cidadania, Direitos e Pr\u00e1tica Profissional&#8221;, referente ao dia 18 de maio &#8211; Dia Nacional de Combate ao Abuso e Explora\u00e7\u00e3o Sexual contra Crian\u00e7as e Adolescentes.<\/span><\/p>\n<p><span style=\"font-size: large;\">A proposta foi realizar atividade de conscientiza\u00e7\u00e3o da comunidade com \u00eanfase na preven\u00e7\u00e3o, com o destaque para a divulga\u00e7\u00e3o de Institui\u00e7\u00f5es que trabalham em prol da defesa dos Direitos Humanos \u2013 o Disque 100 \u2013 servi\u00e7o gratuito que funciona 24h com o intuito de receber den\u00fancias de viol\u00eancia contra crian\u00e7as e adolescentes.<\/span><\/p>\n<p><span style=\"font-size: large;\">Em 18 de maio de 1973, uma menina de 8 anos, de Vit\u00f3ria (ES), foi sequestrada, violentada e cruelmente assassinada. Seu corpo apareceu seis dias depois, carbonizado, e seus agressores nunca foram punidos. Com a repercuss\u00e3o do caso, e forte mobiliza\u00e7\u00e3o do movimento em defesa dos direitos das crian\u00e7as e adolescentes, 18 de maio foi institu\u00eddo pela Lei n\u00ba 9.970\/2.000 \u00a0como o Dia Nacional de Combate ao Abuso e \u00e0 Explora\u00e7\u00e3o Sexual de Crian\u00e7as e Adolescentes. Com este fato, o dia 18 de maio se tornou o dia para que a popula\u00e7\u00e3o brasileira se conscientize e se mobilize contra esse tipo de viol\u00eancia.<\/span><\/p>\n<p><span style=\"font-size: large;\">Segundo a coordenadora do curso de\u00a0<\/span>Psicologia, Profa.<span style=\"font-size: large;\">\u00a0Ma. Andr\u00e9a Frizo, \u00e9 importante ressaltar que a atividade junto com a comunidade possibilita v\u00e1rios benef\u00edcios para a sociedade, propiciando um olhar direcionado aos direitos b\u00e1sicos e qualidade de vida da popula\u00e7\u00e3o, bem como contribui para a forma\u00e7\u00e3o acad\u00eamica, promovendo a experi\u00eancia de aprendizagem no exerc\u00edcio profissional na pr\u00e1tica.<\/span><\/p>\n<p><span style=\"font-size: large;\">O diretor acad\u00eamico da Unifadra\u00a0<\/span>Prof. Dr.<span style=\"font-size: large;\">\u00a0Enio Garbelini parabenizou os acad\u00eamicos pelo importante trabalho de conscientiza\u00e7\u00e3o.<\/span><\/p>\n<p>Fonte: Depto. de Comunica\u00e7\u00e3o da Fundec<\/p>\n","protected":false},"excerpt":{"rendered":"<p>No dia 17 de maio, os alunos do 5\u00ba ano do curso de Psicologia da Faculdade Unifadra, coordenados pela Profa. Ma. F\u00e1tima Simone Silva Pereira Consoni, e acompanhados\u00a0pela Profa.\u00a0Dra.\u00a0Alessandra de Arriba Rossetto, fizeram um trabalho de conscientiza\u00e7\u00e3o sobre a viol\u00eancia e explora\u00e7\u00e3o sexual de crian\u00e7as e adolescentes, na feira livre de Dracena, com a entrega [&hellip;]<\/p>\n","protected":false},"author":1,"featured_media":76689,"comment_status":"closed","ping_status":"open","sticky":false,"template":"","format":"standard","meta":{"footnotes":""},"categories":[110,122],"tags":[],"class_list":["post-76688","post","type-post","status-publish","format-standard","has-post-thumbnail","hentry","category-noticiasdestaque","category-saudeeducacaoeconcurso"],"_links":{"self":[{"href":"https:\/\/jorgezanoni.com.br\/2019\/wp-json\/wp\/v2\/posts\/76688","targetHints":{"allow":["GET"]}}],"collection":[{"href":"https:\/\/jorgezanoni.com.br\/2019\/wp-json\/wp\/v2\/posts"}],"about":[{"href":"https:\/\/jorgezanoni.com.br\/2019\/wp-json\/wp\/v2\/types\/post"}],"author":[{"embeddable":true,"href":"https:\/\/jorgezanoni.com.br\/2019\/wp-json\/wp\/v2\/users\/1"}],"replies":[{"embeddable":true,"href":"https:\/\/jorgezanoni.com.br\/2019\/wp-json\/wp\/v2\/comments?post=76688"}],"version-history":[{"count":1,"href":"https:\/\/jorgezanoni.com.br\/2019\/wp-json\/wp\/v2\/posts\/76688\/revisions"}],"predecessor-version":[{"id":76690,"href":"https:\/\/jorgezanoni.com.br\/2019\/wp-json\/wp\/v2\/posts\/76688\/revisions\/76690"}],"wp:featuredmedia":[{"embeddable":true,"href":"https:\/\/jorgezanoni.com.br\/2019\/wp-json\/wp\/v2\/media\/76689"}],"wp:attachment":[{"href":"https:\/\/jorgezanoni.com.br\/2019\/wp-json\/wp\/v2\/media?parent=76688"}],"wp:term":[{"taxonomy":"category","embeddable":true,"href":"https:\/\/jorgezanoni.com.br\/2019\/wp-json\/wp\/v2\/categories?post=76688"},{"taxonomy":"post_tag","embeddable":true,"href":"https:\/\/jorgezanoni.com.br\/2019\/wp-json\/wp\/v2\/tags?post=76688"}],"curies":[{"name":"wp","href":"https:\/\/api.w.org\/{rel}","templated":true}]}}