{"id":7665,"date":"2019-10-01T02:24:40","date_gmt":"2019-10-01T02:24:40","guid":{"rendered":"https:\/\/jorgezanoni.com.br\/2019\/?p=7665"},"modified":"2019-10-01T02:24:40","modified_gmt":"2019-10-01T02:24:40","slug":"universitario-morre-em-acidente-com-caminhao-no-dia-que-completou-21-anos","status":"publish","type":"post","link":"https:\/\/jorgezanoni.com.br\/2019\/universitario-morre-em-acidente-com-caminhao-no-dia-que-completou-21-anos\/","title":{"rendered":"Universit\u00e1rio morre em acidente com caminh\u00e3o no dia que completou 21 anos"},"content":{"rendered":"<h2 class=\"content-head__subtitle\" style=\"text-align: justify;\"><strong>Thiago Aragan estava no \u00faltimo ano da faculdade e fazia est\u00e1gio na Farm\u00e1cia Municipal da Prefeitura.<\/strong><\/h2>\n<div class=\"mc-column content-text active-extra-styles \" data-block-type=\"unstyled\" data-block-weight=\"36\" data-block-id=\"2\">\n<p class=\"content-text__container \" style=\"text-align: justify;\" data-track-category=\"Link no Texto\" data-track-links=\"\">O\u00a0<a href=\"https:\/\/g1.globo.com\/sp\/sao-jose-do-rio-preto-aracatuba\/noticia\/2019\/09\/29\/motociclista-morre-apos-bater-na-traseira-de-caminhao-em-rodovia-de-estrela-doeste.ghtml\">estudante de farm\u00e1cia que morreu ap\u00f3s bater a moto na traseira de um caminh\u00e3o<\/a>\u00a0na Rodovia Euclides da Cunha, em Estrela D\u00b4Oeste (SP) neste domingo (29) estava completando 21 anos no dia da batida.<\/p>\n<\/div>\n<div class=\"wall protected-content\">\n<div class=\"mc-column content-text active-extra-styles \" style=\"text-align: justify;\" data-block-type=\"unstyled\" data-block-weight=\"40\" data-block-id=\"3\">\n<p class=\"content-text__container \" data-track-category=\"Link no Texto\" data-track-links=\"\">Segundo a prefeitura de Fernand\u00f3polis, Thiago Aragan estava no \u00faltimo ano da faculdade e fazia est\u00e1gio na Farm\u00e1cia Municipal da Prefeitura. O perfil da prefeitura em uma rede social chegou a emitir uma nota de luto pela morte do jovem.<\/p>\n<\/div>\n<div class=\"mc-column content-text active-extra-styles \" style=\"text-align: justify;\" data-block-type=\"unstyled\" data-block-weight=\"19\" data-block-id=\"4\">\n<p class=\"content-text__container \" data-track-category=\"Link no Texto\" data-track-links=\"\">De acordo com a Pol\u00edcia Rodovi\u00e1ria, o jovem seguia no sentido Jales a Estrela D\u00b4Oeste quando aconteceu o acidente.<\/p>\n<\/div>\n<div class=\"mc-column content-text active-extra-styles \" data-block-type=\"unstyled\" data-block-weight=\"30\" data-block-id=\"5\">\n<p class=\"content-text__container \" style=\"text-align: justify;\" data-track-category=\"Link no Texto\" data-track-links=\"\">A equipe de resgate foi at\u00e9 o local, mas o jovem n\u00e3o resistiu aos ferimentos e morreu. O enterro dele ser\u00e1 \u00e0s 17h desta segunda-feira (30), em Santa Albertina (SP).<\/p>\n<p style=\"text-align: justify;\" data-track-category=\"Link no Texto\" data-track-links=\"\"><img loading=\"lazy\" decoding=\"async\" class=\"alignnone size-full wp-image-7666\" src=\"https:\/\/jorgezanoni.com.br\/2019\/wp-content\/uploads\/2019\/10\/thi1.jpg\" alt=\"\" width=\"1000\" height=\"753\" srcset=\"https:\/\/jorgezanoni.com.br\/2019\/wp-content\/uploads\/2019\/10\/thi1.jpg 1000w, https:\/\/jorgezanoni.com.br\/2019\/wp-content\/uploads\/2019\/10\/thi1-300x226.jpg 300w, https:\/\/jorgezanoni.com.br\/2019\/wp-content\/uploads\/2019\/10\/thi1-768x578.jpg 768w, https:\/\/jorgezanoni.com.br\/2019\/wp-content\/uploads\/2019\/10\/thi1-80x60.jpg 80w, https:\/\/jorgezanoni.com.br\/2019\/wp-content\/uploads\/2019\/10\/thi1-696x524.jpg 696w, https:\/\/jorgezanoni.com.br\/2019\/wp-content\/uploads\/2019\/10\/thi1-558x420.jpg 558w\" sizes=\"auto, (max-width: 1000px) 100vw, 1000px\" \/>Prefeitura postou nota de luto em uma rede social \u2014 Foto: Reprodu\u00e7\u00e3o\/Facebook<\/p>\n<p style=\"text-align: justify;\" data-track-category=\"Link no Texto\" data-track-links=\"\">Fonte: G1<\/p>\n<\/div>\n<\/div>\n","protected":false},"excerpt":{"rendered":"<p>Thiago Aragan estava no \u00faltimo ano da faculdade e fazia est\u00e1gio na Farm\u00e1cia Municipal da Prefeitura. O\u00a0estudante de farm\u00e1cia que morreu ap\u00f3s bater a moto na traseira de um caminh\u00e3o\u00a0na Rodovia Euclides da Cunha, em Estrela D\u00b4Oeste (SP) neste domingo (29) estava completando 21 anos no dia da batida. Segundo a prefeitura de Fernand\u00f3polis, Thiago [&hellip;]<\/p>\n","protected":false},"author":1,"featured_media":7667,"comment_status":"closed","ping_status":"open","sticky":false,"template":"","format":"standard","meta":{"footnotes":""},"categories":[170,110],"tags":[],"class_list":["post-7665","post","type-post","status-publish","format-standard","has-post-thumbnail","hentry","category-acidentes","category-noticiasdestaque"],"_links":{"self":[{"href":"https:\/\/jorgezanoni.com.br\/2019\/wp-json\/wp\/v2\/posts\/7665","targetHints":{"allow":["GET"]}}],"collection":[{"href":"https:\/\/jorgezanoni.com.br\/2019\/wp-json\/wp\/v2\/posts"}],"about":[{"href":"https:\/\/jorgezanoni.com.br\/2019\/wp-json\/wp\/v2\/types\/post"}],"author":[{"embeddable":true,"href":"https:\/\/jorgezanoni.com.br\/2019\/wp-json\/wp\/v2\/users\/1"}],"replies":[{"embeddable":true,"href":"https:\/\/jorgezanoni.com.br\/2019\/wp-json\/wp\/v2\/comments?post=7665"}],"version-history":[{"count":0,"href":"https:\/\/jorgezanoni.com.br\/2019\/wp-json\/wp\/v2\/posts\/7665\/revisions"}],"wp:featuredmedia":[{"embeddable":true,"href":"https:\/\/jorgezanoni.com.br\/2019\/wp-json\/wp\/v2\/media\/7667"}],"wp:attachment":[{"href":"https:\/\/jorgezanoni.com.br\/2019\/wp-json\/wp\/v2\/media?parent=7665"}],"wp:term":[{"taxonomy":"category","embeddable":true,"href":"https:\/\/jorgezanoni.com.br\/2019\/wp-json\/wp\/v2\/categories?post=7665"},{"taxonomy":"post_tag","embeddable":true,"href":"https:\/\/jorgezanoni.com.br\/2019\/wp-json\/wp\/v2\/tags?post=7665"}],"curies":[{"name":"wp","href":"https:\/\/api.w.org\/{rel}","templated":true}]}}