{"id":76589,"date":"2023-05-26T17:58:00","date_gmt":"2023-05-26T17:58:00","guid":{"rendered":"https:\/\/jorgezanoni.com.br\/2019\/?p=76589"},"modified":"2023-05-26T17:58:00","modified_gmt":"2023-05-26T17:58:00","slug":"policia-militar-em-acao-de-forca-tatica-prende-homem-por-trafico-de-drogas-em-dracena-2","status":"publish","type":"post","link":"https:\/\/jorgezanoni.com.br\/2019\/policia-militar-em-acao-de-forca-tatica-prende-homem-por-trafico-de-drogas-em-dracena-2\/","title":{"rendered":"Pol\u00edcia Militar em a\u00e7\u00e3o de For\u00e7a T\u00e1tica prende homem por Tr\u00e1fico de Drogas em Dracena"},"content":{"rendered":"<p style=\"text-align: justify;\"><strong>Foram apreendidos: 08 por\u00e7\u00f5es de coca\u00edna (0,051 kg); 03 por\u00e7\u00f5es de maconha (0,010 kg); 02 pedras brutas de crack (0,006 kg); 01 faca e 01 aparelho celular.<\/strong><\/p>\n<p style=\"text-align: justify;\">Na data de hoje (26) por volta das 10h55min durante patrulhamento de For\u00e7a T\u00e1tica no munic\u00edpio de Dracena, a equipe policial visualizou o indiv\u00edduo (homem 19 anos) no cruzamento das ruas Fagundes Varela x Nelson Rodrigues no Jardim Brasilandia pr\u00f3ximo de uma \u00e1rvore, ao visualizar a viatura abandonou algo e atravessou a rua. Foi realizada a abordagem, em seu poder haviam 03 por\u00e7\u00f5es de maconha; ao verificar o que foi dispensado pr\u00f3ximo da \u00e1rvore tratava-se de uma faca e \u00eaxito em localizar escondidas no tronco as por\u00e7\u00f5es de crack e coca\u00edna.<br \/>\nFoi dado voz de pris\u00e3o em flagrante ao indiv\u00edduo que permaneceu \u00e0 disposi\u00e7\u00e3o da Justi\u00e7a.<\/p>\n<p>Fonte: Com. Social Pol\u00edcia Militar<\/p>\n","protected":false},"excerpt":{"rendered":"<p>Foram apreendidos: 08 por\u00e7\u00f5es de coca\u00edna (0,051 kg); 03 por\u00e7\u00f5es de maconha (0,010 kg); 02 pedras brutas de crack (0,006 kg); 01 faca e 01 aparelho celular. Na data de hoje (26) por volta das 10h55min durante patrulhamento de For\u00e7a T\u00e1tica no munic\u00edpio de Dracena, a equipe policial visualizou o indiv\u00edduo (homem 19 anos) no [&hellip;]<\/p>\n","protected":false},"author":1,"featured_media":76590,"comment_status":"closed","ping_status":"open","sticky":false,"template":"","format":"standard","meta":{"footnotes":""},"categories":[110,2],"tags":[],"class_list":["post-76589","post","type-post","status-publish","format-standard","has-post-thumbnail","hentry","category-noticiasdestaque","category-policial"],"_links":{"self":[{"href":"https:\/\/jorgezanoni.com.br\/2019\/wp-json\/wp\/v2\/posts\/76589","targetHints":{"allow":["GET"]}}],"collection":[{"href":"https:\/\/jorgezanoni.com.br\/2019\/wp-json\/wp\/v2\/posts"}],"about":[{"href":"https:\/\/jorgezanoni.com.br\/2019\/wp-json\/wp\/v2\/types\/post"}],"author":[{"embeddable":true,"href":"https:\/\/jorgezanoni.com.br\/2019\/wp-json\/wp\/v2\/users\/1"}],"replies":[{"embeddable":true,"href":"https:\/\/jorgezanoni.com.br\/2019\/wp-json\/wp\/v2\/comments?post=76589"}],"version-history":[{"count":1,"href":"https:\/\/jorgezanoni.com.br\/2019\/wp-json\/wp\/v2\/posts\/76589\/revisions"}],"predecessor-version":[{"id":76591,"href":"https:\/\/jorgezanoni.com.br\/2019\/wp-json\/wp\/v2\/posts\/76589\/revisions\/76591"}],"wp:featuredmedia":[{"embeddable":true,"href":"https:\/\/jorgezanoni.com.br\/2019\/wp-json\/wp\/v2\/media\/76590"}],"wp:attachment":[{"href":"https:\/\/jorgezanoni.com.br\/2019\/wp-json\/wp\/v2\/media?parent=76589"}],"wp:term":[{"taxonomy":"category","embeddable":true,"href":"https:\/\/jorgezanoni.com.br\/2019\/wp-json\/wp\/v2\/categories?post=76589"},{"taxonomy":"post_tag","embeddable":true,"href":"https:\/\/jorgezanoni.com.br\/2019\/wp-json\/wp\/v2\/tags?post=76589"}],"curies":[{"name":"wp","href":"https:\/\/api.w.org\/{rel}","templated":true}]}}